{"id":986,"date":"2024-07-08T17:05:41","date_gmt":"2024-07-08T17:05:41","guid":{"rendered":"https:\/\/wascovilla.pl\/?p=986"},"modified":"2024-07-08T17:05:42","modified_gmt":"2024-07-08T17:05:42","slug":"entwicklung-der-exportaktivitaten-des-unternehmens-wascovilla-durch-die-forderung-von-produkten-auf-auslandischen-markten","status":"publish","type":"post","link":"https:\/\/wascovilla.pl\/de\/entwicklung-der-exportaktivitaten-des-unternehmens-wascovilla-durch-die-forderung-von-produkten-auf-auslandischen-markten\/","title":{"rendered":"Entwicklung der Exportaktivit\u00e4ten von WASCOVILLA durch F\u00f6rderung von Produkten auf ausl\u00e4ndischen M\u00e4rkten"},"content":{"rendered":"<p>Das Unternehmen f\u00fchrt ein Projekt mit dem Titel. <strong>\"<\/strong><em><strong>Entwicklung der Exportaktivit\u00e4ten von WASCOVILLA durch F\u00f6rderung von Produkten auf ausl\u00e4ndischen M\u00e4rkten<\/strong><\/em><strong>\"<\/strong>im Rahmen des Operationellen Programms Intelligente Entwicklung 2014-2020, Priorit\u00e4tsachse 3 Unterst\u00fctzung von Innovationen in Unternehmen, Ma\u00dfnahme 3.3 Unterst\u00fctzung der F\u00f6rderung und Internationalisierung innovativer Unternehmen, Unterma\u00dfnahme 3.3.3 Unterst\u00fctzung von KMU bei der F\u00f6rderung von Produktmarken - Go to Brand.<\/p>\n\n\n\n<p>Hauptziel des Projekts ist die Teilnahme am F\u00f6rderprogramm f\u00fcr die Bau- und Ausstattungsindustrie, was zur Entwicklung der Exportaktivit\u00e4ten des Unternehmens und seiner Expansion auf ausl\u00e4ndische M\u00e4rkte f\u00fchren wird.<\/p>\n\n\n\n<p><strong>Gesamtwert des Projekts<\/strong>: PLN 534 250.00<br><strong>Wert der Finanzierung<\/strong>: 400 687,50 PLN<\/p>\n\n\n\n<figure class=\"wp-block-image size-full\"><img fetchpriority=\"high\" decoding=\"async\" width=\"1024\" height=\"117\" src=\"https:\/\/wascovilla.pl\/wp-content\/uploads\/2024\/07\/eu-logo.webp\" alt=\"\" class=\"wp-image-977\" srcset=\"https:\/\/wascovilla.pl\/wp-content\/uploads\/2024\/07\/eu-logo.webp 1024w, https:\/\/wascovilla.pl\/wp-content\/uploads\/2024\/07\/eu-logo-600x69.webp 600w, https:\/\/wascovilla.pl\/wp-content\/uploads\/2024\/07\/eu-logo-300x34.webp 300w, https:\/\/wascovilla.pl\/wp-content\/uploads\/2024\/07\/eu-logo-768x88.webp 768w\" sizes=\"(max-width: 1024px) 100vw, 1024px\" \/><\/figure>","protected":false},"excerpt":{"rendered":"<p>Das Unternehmen f\u00fchrt das Projekt mit dem Titel. \"Entwicklung der Exportt\u00e4tigkeit des Unternehmens WASCOVILLA durch die F\u00f6rderung von Produkten auf ausl\u00e4ndischen M\u00e4rkten\", im Rahmen des Operationellen Programms Intelligente Entwicklung 2014-2020, Priorit\u00e4tsachse 3 Unterst\u00fctzung der Innovation in Unternehmen, Ma\u00dfnahme 3.3 Unterst\u00fctzung der F\u00f6rderung und Internationalisierung innovativer Unternehmen, Unterma\u00dfnahme 3.3.3 Unterst\u00fctzung f\u00fcr KMU bei der F\u00f6rderung von Produktmarken - Go to Brand. Das Hauptziel des Projekts ist die Teilnahme an der Promotion [...]<\/p>","protected":false},"author":1,"featured_media":0,"comment_status":"open","ping_status":"closed","sticky":false,"template":"","format":"standard","meta":{"_acf_changed":false,"footnotes":""},"categories":[18],"tags":[],"class_list":["post-986","post","type-post","status-publish","format-standard","hentry","category-projekty-unijne"],"acf":[],"yoast_head":"<!-- This site is optimized with the Yoast SEO plugin v26.7 - https:\/\/yoast.com\/wordpress\/plugins\/seo\/ -->\n<title>Rozw\u00f3j dzia\u0142alno\u015bci eksportowej firmy WASCOVILLA poprzez promowanie produkt\u00f3w na rynkach zagranicznych - WascoVilla | Producent dom\u00f3w z drewna | Domy mieszkalne, nowoczesne, modu\u0142owe, domki letniskowe, wi\u0105zary dachowe, izolacje<\/title>\n<meta name=\"robots\" content=\"index, follow, max-snippet:-1, max-image-preview:large, max-video-preview:-1\" \/>\n<link rel=\"canonical\" href=\"https:\/\/wascovilla.pl\/de\/entwicklung-der-exportaktivitaten-des-unternehmens-wascovilla-durch-die-forderung-von-produkten-auf-auslandischen-markten\/\" \/>\n<meta property=\"og:locale\" content=\"de_DE\" \/>\n<meta property=\"og:type\" content=\"article\" \/>\n<meta property=\"og:title\" content=\"Rozw\u00f3j dzia\u0142alno\u015bci eksportowej firmy WASCOVILLA poprzez promowanie produkt\u00f3w na rynkach zagranicznych - WascoVilla | Producent dom\u00f3w z drewna | Domy mieszkalne, nowoczesne, modu\u0142owe, domki letniskowe, wi\u0105zary dachowe, izolacje\" \/>\n<meta property=\"og:description\" content=\"Firma realizuje projekt pt. \u201eRozw\u00f3j dzia\u0142alno\u015bci eksportowej firmy WASCOVILLA poprzez promowanie produkt\u00f3w na rynkach zagranicznych\u201d,w ramach Programu Operacyjnego Inteligentny Rozw\u00f3j 2014-2020, O\u015b Priorytetowa 3 Wsparcie innowacji w przedsi\u0119biorstwach, Dzia\u0142anie 3.3 Wsparcie promocji oraz internacjonalizacji innowacyjnych przedsi\u0119biorstw, Poddzia\u0142anie 3.3.3 Wsparcie M\u015aP w&nbsp;promocji marek produktowych \u2013 Go to Brand. G\u0142\u00f3wnym celem projektu jest udzia\u0142 w Programie promocji [&hellip;]\" \/>\n<meta property=\"og:url\" content=\"https:\/\/wascovilla.pl\/de\/entwicklung-der-exportaktivitaten-des-unternehmens-wascovilla-durch-die-forderung-von-produkten-auf-auslandischen-markten\/\" \/>\n<meta property=\"og:site_name\" content=\"WascoVilla | Producent dom\u00f3w z drewna | Domy mieszkalne, nowoczesne, modu\u0142owe, domki letniskowe, wi\u0105zary dachowe, izolacje\" \/>\n<meta property=\"article:published_time\" content=\"2024-07-08T17:05:41+00:00\" \/>\n<meta property=\"article:modified_time\" content=\"2024-07-08T17:05:42+00:00\" \/>\n<meta property=\"og:image\" content=\"https:\/\/wascovilla.pl\/wp-content\/uploads\/2024\/07\/eu-logo.webp\" \/>\n<meta name=\"author\" content=\"admin\" \/>\n<meta name=\"twitter:card\" content=\"summary_large_image\" \/>\n<meta name=\"twitter:label1\" content=\"Verfasst von\" \/>\n\t<meta name=\"twitter:data1\" content=\"admin\" \/>\n<script type=\"application\/ld+json\" class=\"yoast-schema-graph\">{\"@context\":\"https:\/\/schema.org\",\"@graph\":[{\"@type\":\"Article\",\"@id\":\"https:\/\/wascovilla.pl\/rozwoj-dzialalnosci-eksportowej-firmy-wascovilla-poprzez-promowanie-produktow-na-rynkach-zagranicznych\/#article\",\"isPartOf\":{\"@id\":\"https:\/\/wascovilla.pl\/rozwoj-dzialalnosci-eksportowej-firmy-wascovilla-poprzez-promowanie-produktow-na-rynkach-zagranicznych\/\"},\"author\":{\"name\":\"admin\",\"@id\":\"https:\/\/wascovilla.pl\/#\/schema\/person\/70e0b1b4ee7121d501cb99e16a0d0c72\"},\"headline\":\"Rozw\u00f3j dzia\u0142alno\u015bci eksportowej firmy WASCOVILLA poprzez promowanie produkt\u00f3w na rynkach zagranicznych\",\"datePublished\":\"2024-07-08T17:05:41+00:00\",\"dateModified\":\"2024-07-08T17:05:42+00:00\",\"mainEntityOfPage\":{\"@id\":\"https:\/\/wascovilla.pl\/rozwoj-dzialalnosci-eksportowej-firmy-wascovilla-poprzez-promowanie-produktow-na-rynkach-zagranicznych\/\"},\"wordCount\":114,\"commentCount\":0,\"publisher\":{\"@id\":\"https:\/\/wascovilla.pl\/#organization\"},\"image\":{\"@id\":\"https:\/\/wascovilla.pl\/rozwoj-dzialalnosci-eksportowej-firmy-wascovilla-poprzez-promowanie-produktow-na-rynkach-zagranicznych\/#primaryimage\"},\"thumbnailUrl\":\"https:\/\/wascovilla.pl\/wp-content\/uploads\/2024\/07\/eu-logo.webp\",\"articleSection\":[\"projekty unijne\"],\"inLanguage\":\"de\",\"potentialAction\":[{\"@type\":\"CommentAction\",\"name\":\"Comment\",\"target\":[\"https:\/\/wascovilla.pl\/rozwoj-dzialalnosci-eksportowej-firmy-wascovilla-poprzez-promowanie-produktow-na-rynkach-zagranicznych\/#respond\"]}]},{\"@type\":\"WebPage\",\"@id\":\"https:\/\/wascovilla.pl\/rozwoj-dzialalnosci-eksportowej-firmy-wascovilla-poprzez-promowanie-produktow-na-rynkach-zagranicznych\/\",\"url\":\"https:\/\/wascovilla.pl\/rozwoj-dzialalnosci-eksportowej-firmy-wascovilla-poprzez-promowanie-produktow-na-rynkach-zagranicznych\/\",\"name\":\"Rozw\u00f3j dzia\u0142alno\u015bci eksportowej firmy WASCOVILLA poprzez promowanie produkt\u00f3w na rynkach zagranicznych - WascoVilla | Producent dom\u00f3w z drewna | Domy mieszkalne, nowoczesne, modu\u0142owe, domki letniskowe, wi\u0105zary dachowe, izolacje\",\"isPartOf\":{\"@id\":\"https:\/\/wascovilla.pl\/#website\"},\"primaryImageOfPage\":{\"@id\":\"https:\/\/wascovilla.pl\/rozwoj-dzialalnosci-eksportowej-firmy-wascovilla-poprzez-promowanie-produktow-na-rynkach-zagranicznych\/#primaryimage\"},\"image\":{\"@id\":\"https:\/\/wascovilla.pl\/rozwoj-dzialalnosci-eksportowej-firmy-wascovilla-poprzez-promowanie-produktow-na-rynkach-zagranicznych\/#primaryimage\"},\"thumbnailUrl\":\"https:\/\/wascovilla.pl\/wp-content\/uploads\/2024\/07\/eu-logo.webp\",\"datePublished\":\"2024-07-08T17:05:41+00:00\",\"dateModified\":\"2024-07-08T17:05:42+00:00\",\"breadcrumb\":{\"@id\":\"https:\/\/wascovilla.pl\/rozwoj-dzialalnosci-eksportowej-firmy-wascovilla-poprzez-promowanie-produktow-na-rynkach-zagranicznych\/#breadcrumb\"},\"inLanguage\":\"de\",\"potentialAction\":[{\"@type\":\"ReadAction\",\"target\":[\"https:\/\/wascovilla.pl\/rozwoj-dzialalnosci-eksportowej-firmy-wascovilla-poprzez-promowanie-produktow-na-rynkach-zagranicznych\/\"]}]},{\"@type\":\"ImageObject\",\"inLanguage\":\"de\",\"@id\":\"https:\/\/wascovilla.pl\/rozwoj-dzialalnosci-eksportowej-firmy-wascovilla-poprzez-promowanie-produktow-na-rynkach-zagranicznych\/#primaryimage\",\"url\":\"https:\/\/wascovilla.pl\/wp-content\/uploads\/2024\/07\/eu-logo.webp\",\"contentUrl\":\"https:\/\/wascovilla.pl\/wp-content\/uploads\/2024\/07\/eu-logo.webp\"},{\"@type\":\"BreadcrumbList\",\"@id\":\"https:\/\/wascovilla.pl\/rozwoj-dzialalnosci-eksportowej-firmy-wascovilla-poprzez-promowanie-produktow-na-rynkach-zagranicznych\/#breadcrumb\",\"itemListElement\":[{\"@type\":\"ListItem\",\"position\":1,\"name\":\"Strona g\u0142\u00f3wna\",\"item\":\"https:\/\/wascovilla.pl\/\"},{\"@type\":\"ListItem\",\"position\":2,\"name\":\"Rozw\u00f3j dzia\u0142alno\u015bci eksportowej firmy WASCOVILLA poprzez promowanie produkt\u00f3w na rynkach zagranicznych\"}]},{\"@type\":\"WebSite\",\"@id\":\"https:\/\/wascovilla.pl\/#website\",\"url\":\"https:\/\/wascovilla.pl\/\",\"name\":\"WascoVilla | Producent dom\u00f3w z drewna | Domy mieszkalne, nowoczesne, modu\u0142owe, domki letniskowe, wi\u0105zary dachowe, izolacje\",\"description\":\"\",\"publisher\":{\"@id\":\"https:\/\/wascovilla.pl\/#organization\"},\"potentialAction\":[{\"@type\":\"SearchAction\",\"target\":{\"@type\":\"EntryPoint\",\"urlTemplate\":\"https:\/\/wascovilla.pl\/?s={search_term_string}\"},\"query-input\":{\"@type\":\"PropertyValueSpecification\",\"valueRequired\":true,\"valueName\":\"search_term_string\"}}],\"inLanguage\":\"de\"},{\"@type\":\"Organization\",\"@id\":\"https:\/\/wascovilla.pl\/#organization\",\"name\":\"WascoVilla | Producent dom\u00f3w z drewna | Domy mieszkalne, nowoczesne, modu\u0142owe, domki letniskowe, wi\u0105zary dachowe, izolacje\",\"url\":\"https:\/\/wascovilla.pl\/\",\"logo\":{\"@type\":\"ImageObject\",\"inLanguage\":\"de\",\"@id\":\"https:\/\/wascovilla.pl\/#\/schema\/logo\/image\/\",\"url\":\"https:\/\/wascovilla.pl\/wp-content\/uploads\/2024\/06\/logo.jpg\",\"contentUrl\":\"https:\/\/wascovilla.pl\/wp-content\/uploads\/2024\/06\/logo.jpg\",\"width\":282,\"height\":119,\"caption\":\"WascoVilla | Producent dom\u00f3w z drewna | Domy mieszkalne, nowoczesne, modu\u0142owe, domki letniskowe, wi\u0105zary dachowe, izolacje\"},\"image\":{\"@id\":\"https:\/\/wascovilla.pl\/#\/schema\/logo\/image\/\"}},{\"@type\":\"Person\",\"@id\":\"https:\/\/wascovilla.pl\/#\/schema\/person\/70e0b1b4ee7121d501cb99e16a0d0c72\",\"name\":\"admin\",\"image\":{\"@type\":\"ImageObject\",\"inLanguage\":\"de\",\"@id\":\"https:\/\/wascovilla.pl\/#\/schema\/person\/image\/\",\"url\":\"https:\/\/secure.gravatar.com\/avatar\/041bede4d34bd96f9f233f5e1f75847720fcc64ac1dd81f665131edef6bdb6ee?s=96&d=mm&r=g\",\"contentUrl\":\"https:\/\/secure.gravatar.com\/avatar\/041bede4d34bd96f9f233f5e1f75847720fcc64ac1dd81f665131edef6bdb6ee?s=96&d=mm&r=g\",\"caption\":\"admin\"},\"sameAs\":[\"https:\/\/wascovilla.pl\"],\"url\":\"https:\/\/wascovilla.pl\/de\/author\/wascovilla\/\"}]}<\/script>\n<!-- \/ Yoast SEO plugin. -->","yoast_head_json":{"title":"Entwicklung der Exportaktivit\u00e4ten von WASCOVILLA durch F\u00f6rderung von Produkten auf ausl\u00e4ndischen M\u00e4rkten - WascoVilla | Hersteller von Holzh\u00e4usern | Wohnh\u00e4user, moderne, modulare H\u00e4user, Ferienh\u00e4user, Dachst\u00fchle, Isolierung","robots":{"index":"index","follow":"follow","max-snippet":"max-snippet:-1","max-image-preview":"max-image-preview:large","max-video-preview":"max-video-preview:-1"},"canonical":"https:\/\/wascovilla.pl\/de\/entwicklung-der-exportaktivitaten-des-unternehmens-wascovilla-durch-die-forderung-von-produkten-auf-auslandischen-markten\/","og_locale":"de_DE","og_type":"article","og_title":"Rozw\u00f3j dzia\u0142alno\u015bci eksportowej firmy WASCOVILLA poprzez promowanie produkt\u00f3w na rynkach zagranicznych - WascoVilla | Producent dom\u00f3w z drewna | Domy mieszkalne, nowoczesne, modu\u0142owe, domki letniskowe, wi\u0105zary dachowe, izolacje","og_description":"Firma realizuje projekt pt. \u201eRozw\u00f3j dzia\u0142alno\u015bci eksportowej firmy WASCOVILLA poprzez promowanie produkt\u00f3w na rynkach zagranicznych\u201d,w ramach Programu Operacyjnego Inteligentny Rozw\u00f3j 2014-2020, O\u015b Priorytetowa 3 Wsparcie innowacji w przedsi\u0119biorstwach, Dzia\u0142anie 3.3 Wsparcie promocji oraz internacjonalizacji innowacyjnych przedsi\u0119biorstw, Poddzia\u0142anie 3.3.3 Wsparcie M\u015aP w&nbsp;promocji marek produktowych \u2013 Go to Brand. G\u0142\u00f3wnym celem projektu jest udzia\u0142 w Programie promocji [&hellip;]","og_url":"https:\/\/wascovilla.pl\/de\/entwicklung-der-exportaktivitaten-des-unternehmens-wascovilla-durch-die-forderung-von-produkten-auf-auslandischen-markten\/","og_site_name":"WascoVilla | Producent dom\u00f3w z drewna | Domy mieszkalne, nowoczesne, modu\u0142owe, domki letniskowe, wi\u0105zary dachowe, izolacje","article_published_time":"2024-07-08T17:05:41+00:00","article_modified_time":"2024-07-08T17:05:42+00:00","og_image":[{"url":"https:\/\/wascovilla.pl\/wp-content\/uploads\/2024\/07\/eu-logo.webp","type":"","width":"","height":""}],"author":"admin","twitter_card":"summary_large_image","twitter_misc":{"Verfasst von":"admin"},"schema":{"@context":"https:\/\/schema.org","@graph":[{"@type":"Article","@id":"https:\/\/wascovilla.pl\/rozwoj-dzialalnosci-eksportowej-firmy-wascovilla-poprzez-promowanie-produktow-na-rynkach-zagranicznych\/#article","isPartOf":{"@id":"https:\/\/wascovilla.pl\/rozwoj-dzialalnosci-eksportowej-firmy-wascovilla-poprzez-promowanie-produktow-na-rynkach-zagranicznych\/"},"author":{"name":"admin","@id":"https:\/\/wascovilla.pl\/#\/schema\/person\/70e0b1b4ee7121d501cb99e16a0d0c72"},"headline":"Rozw\u00f3j dzia\u0142alno\u015bci eksportowej firmy WASCOVILLA poprzez promowanie produkt\u00f3w na rynkach zagranicznych","datePublished":"2024-07-08T17:05:41+00:00","dateModified":"2024-07-08T17:05:42+00:00","mainEntityOfPage":{"@id":"https:\/\/wascovilla.pl\/rozwoj-dzialalnosci-eksportowej-firmy-wascovilla-poprzez-promowanie-produktow-na-rynkach-zagranicznych\/"},"wordCount":114,"commentCount":0,"publisher":{"@id":"https:\/\/wascovilla.pl\/#organization"},"image":{"@id":"https:\/\/wascovilla.pl\/rozwoj-dzialalnosci-eksportowej-firmy-wascovilla-poprzez-promowanie-produktow-na-rynkach-zagranicznych\/#primaryimage"},"thumbnailUrl":"https:\/\/wascovilla.pl\/wp-content\/uploads\/2024\/07\/eu-logo.webp","articleSection":["projekty unijne"],"inLanguage":"de","potentialAction":[{"@type":"CommentAction","name":"Comment","target":["https:\/\/wascovilla.pl\/rozwoj-dzialalnosci-eksportowej-firmy-wascovilla-poprzez-promowanie-produktow-na-rynkach-zagranicznych\/#respond"]}]},{"@type":"WebPage","@id":"https:\/\/wascovilla.pl\/rozwoj-dzialalnosci-eksportowej-firmy-wascovilla-poprzez-promowanie-produktow-na-rynkach-zagranicznych\/","url":"https:\/\/wascovilla.pl\/rozwoj-dzialalnosci-eksportowej-firmy-wascovilla-poprzez-promowanie-produktow-na-rynkach-zagranicznych\/","name":"Entwicklung der Exportaktivit\u00e4ten von WASCOVILLA durch F\u00f6rderung von Produkten auf ausl\u00e4ndischen M\u00e4rkten - WascoVilla | Hersteller von Holzh\u00e4usern | Wohnh\u00e4user, moderne, modulare H\u00e4user, Ferienh\u00e4user, Dachst\u00fchle, Isolierung","isPartOf":{"@id":"https:\/\/wascovilla.pl\/#website"},"primaryImageOfPage":{"@id":"https:\/\/wascovilla.pl\/rozwoj-dzialalnosci-eksportowej-firmy-wascovilla-poprzez-promowanie-produktow-na-rynkach-zagranicznych\/#primaryimage"},"image":{"@id":"https:\/\/wascovilla.pl\/rozwoj-dzialalnosci-eksportowej-firmy-wascovilla-poprzez-promowanie-produktow-na-rynkach-zagranicznych\/#primaryimage"},"thumbnailUrl":"https:\/\/wascovilla.pl\/wp-content\/uploads\/2024\/07\/eu-logo.webp","datePublished":"2024-07-08T17:05:41+00:00","dateModified":"2024-07-08T17:05:42+00:00","breadcrumb":{"@id":"https:\/\/wascovilla.pl\/rozwoj-dzialalnosci-eksportowej-firmy-wascovilla-poprzez-promowanie-produktow-na-rynkach-zagranicznych\/#breadcrumb"},"inLanguage":"de","potentialAction":[{"@type":"ReadAction","target":["https:\/\/wascovilla.pl\/rozwoj-dzialalnosci-eksportowej-firmy-wascovilla-poprzez-promowanie-produktow-na-rynkach-zagranicznych\/"]}]},{"@type":"ImageObject","inLanguage":"de","@id":"https:\/\/wascovilla.pl\/rozwoj-dzialalnosci-eksportowej-firmy-wascovilla-poprzez-promowanie-produktow-na-rynkach-zagranicznych\/#primaryimage","url":"https:\/\/wascovilla.pl\/wp-content\/uploads\/2024\/07\/eu-logo.webp","contentUrl":"https:\/\/wascovilla.pl\/wp-content\/uploads\/2024\/07\/eu-logo.webp"},{"@type":"BreadcrumbList","@id":"https:\/\/wascovilla.pl\/rozwoj-dzialalnosci-eksportowej-firmy-wascovilla-poprzez-promowanie-produktow-na-rynkach-zagranicznych\/#breadcrumb","itemListElement":[{"@type":"ListItem","position":1,"name":"Strona g\u0142\u00f3wna","item":"https:\/\/wascovilla.pl\/"},{"@type":"ListItem","position":2,"name":"Rozw\u00f3j dzia\u0142alno\u015bci eksportowej firmy WASCOVILLA poprzez promowanie produkt\u00f3w na rynkach zagranicznych"}]},{"@type":"WebSite","@id":"https:\/\/wascovilla.pl\/#website","url":"https:\/\/wascovilla.pl\/","name":"WascoVilla | Hersteller von Holzh\u00e4usern | Wohnh\u00e4user, moderne, modulare, Ferienh\u00e4user, Dachst\u00fchle, Isolierung","description":"","publisher":{"@id":"https:\/\/wascovilla.pl\/#organization"},"potentialAction":[{"@type":"SearchAction","target":{"@type":"EntryPoint","urlTemplate":"https:\/\/wascovilla.pl\/?s={search_term_string}"},"query-input":{"@type":"PropertyValueSpecification","valueRequired":true,"valueName":"search_term_string"}}],"inLanguage":"de"},{"@type":"Organization","@id":"https:\/\/wascovilla.pl\/#organization","name":"WascoVilla | Hersteller von Holzh\u00e4usern | Wohnh\u00e4user, moderne, modulare, Ferienh\u00e4user, Dachst\u00fchle, Isolierung","url":"https:\/\/wascovilla.pl\/","logo":{"@type":"ImageObject","inLanguage":"de","@id":"https:\/\/wascovilla.pl\/#\/schema\/logo\/image\/","url":"https:\/\/wascovilla.pl\/wp-content\/uploads\/2024\/06\/logo.jpg","contentUrl":"https:\/\/wascovilla.pl\/wp-content\/uploads\/2024\/06\/logo.jpg","width":282,"height":119,"caption":"WascoVilla | Producent dom\u00f3w z drewna | Domy mieszkalne, nowoczesne, modu\u0142owe, domki letniskowe, wi\u0105zary dachowe, izolacje"},"image":{"@id":"https:\/\/wascovilla.pl\/#\/schema\/logo\/image\/"}},{"@type":"Person","@id":"https:\/\/wascovilla.pl\/#\/schema\/person\/70e0b1b4ee7121d501cb99e16a0d0c72","name":"admin","image":{"@type":"ImageObject","inLanguage":"de","@id":"https:\/\/wascovilla.pl\/#\/schema\/person\/image\/","url":"https:\/\/secure.gravatar.com\/avatar\/041bede4d34bd96f9f233f5e1f75847720fcc64ac1dd81f665131edef6bdb6ee?s=96&d=mm&r=g","contentUrl":"https:\/\/secure.gravatar.com\/avatar\/041bede4d34bd96f9f233f5e1f75847720fcc64ac1dd81f665131edef6bdb6ee?s=96&d=mm&r=g","caption":"admin"},"sameAs":["https:\/\/wascovilla.pl"],"url":"https:\/\/wascovilla.pl\/de\/author\/wascovilla\/"}]}},"_links":{"self":[{"href":"https:\/\/wascovilla.pl\/de\/wp-json\/wp\/v2\/posts\/986","targetHints":{"allow":["GET"]}}],"collection":[{"href":"https:\/\/wascovilla.pl\/de\/wp-json\/wp\/v2\/posts"}],"about":[{"href":"https:\/\/wascovilla.pl\/de\/wp-json\/wp\/v2\/types\/post"}],"author":[{"embeddable":true,"href":"https:\/\/wascovilla.pl\/de\/wp-json\/wp\/v2\/users\/1"}],"replies":[{"embeddable":true,"href":"https:\/\/wascovilla.pl\/de\/wp-json\/wp\/v2\/comments?post=986"}],"version-history":[{"count":1,"href":"https:\/\/wascovilla.pl\/de\/wp-json\/wp\/v2\/posts\/986\/revisions"}],"predecessor-version":[{"id":990,"href":"https:\/\/wascovilla.pl\/de\/wp-json\/wp\/v2\/posts\/986\/revisions\/990"}],"wp:attachment":[{"href":"https:\/\/wascovilla.pl\/de\/wp-json\/wp\/v2\/media?parent=986"}],"wp:term":[{"taxonomy":"category","embeddable":true,"href":"https:\/\/wascovilla.pl\/de\/wp-json\/wp\/v2\/categories?post=986"},{"taxonomy":"post_tag","embeddable":true,"href":"https:\/\/wascovilla.pl\/de\/wp-json\/wp\/v2\/tags?post=986"}],"curies":[{"name":"wp","href":"https:\/\/api.w.org\/{rel}","templated":true}]}}