{"id":4221,"date":"2025-03-19T10:33:33","date_gmt":"2025-03-19T10:33:33","guid":{"rendered":"https:\/\/wascovilla.pl\/?p=4221"},"modified":"2025-03-25T12:46:40","modified_gmt":"2025-03-25T12:46:40","slug":"laguna-kleines-modulares-haus-mit-klassischer-form","status":"publish","type":"post","link":"https:\/\/wascovilla.pl\/de\/laguna-kleines-modulares-haus-mit-klassischer-form\/","title":{"rendered":"Lagoon - ein kleines Modulhaus mit klassischer Form"},"content":{"rendered":"<p>Wir von Wascovilla wissen, dass ein kleines Haus sowohl funktional als auch komfortabel sein kann. Deshalb haben wir unser Angebot an Projekten um ein weiteres bereichert. Unser neuer Vorschlag lautet <a href=\"https:\/\/wascovilla.pl\/de\/hauser\/laguna\/\" target=\"_blank\" rel=\"noreferrer noopener\"><strong>Lagune - kleines modulares Haus<\/strong> <\/a>mit einem zeitlosen Design, <strong>nicht baugenehmigungspflichtig<\/strong>. Die Bequemlichkeit des t\u00e4glichen Gebrauchs wird mit modernen L\u00f6sungen kombiniert. Der gut durchdachte Grundriss des Geb\u00e4udes erm\u00f6glicht eine maximale Raumnutzung. Gro\u00dfe Verglasungen im Wohnbereich \u00f6ffnen den Innenraum zur Umgebung und sorgen f\u00fcr viel Tageslicht und ein Gef\u00fchl von Gro\u00dfz\u00fcgigkeit. M\u00f6chten Sie mehr \u00fcber unser neues Modulhaus erfahren? Wir laden Sie ein, weiterzulesen!<\/p>\n\n\n\n<h2 class=\"wp-block-heading\"><strong>Verglastes Vestib\u00fcl - Eleganz und Schutz bei schlechtem Wetter<\/strong><\/h2>\n\n\n\n<p>Der verglaste \u00e4u\u00dfere Windfang, der schon von weitem sichtbar ist, verleiht dem Bauk\u00f6rper unseres Hauses einen hellen und modernen Charakter. Gleichzeitig schirmt er den Eingang vor Witterungseinfl\u00fcssen ab. <strong>Gro\u00dfe Glasscheiben<\/strong> <strong>in einem modularen Haus<\/strong> machen einen kleinen Raum hell und einladend und sch\u00fctzen ihn gleichzeitig wirksam vor Regen und Schnee.<\/p>\n\n\n\n<p>Vom Vorraum f\u00fchrt eine T\u00fcr in die Diele, den zentralen Verkehrsbereich des Hauses. Sie bietet Platz f\u00fcr einen gro\u00dfen, ger\u00e4umigen Kleiderschrank. Diese L\u00f6sung erm\u00f6glicht es, Jacken, M\u00e4ntel und Schuhe in Ordnung zu halten und sie t\u00e4glich bequem zu verstauen.<\/p>\n\n\n\n<h2 class=\"wp-block-heading\"><strong>Ein helles und stilvolles Badezimmer - mehr als nur Funktionalit\u00e4t<\/strong><\/h2>\n\n\n\n<p>Von der Lobby aus betritt man das <strong>komfortables Badezimmer<\/strong> <strong>mit Fenster<\/strong>befindet sich an der Vorderseite des Geb\u00e4udes. Es beherbergt alles, was f\u00fcr eine komfortable Nutzung erforderlich ist: eine Duschkabine, ein Waschbecken, eine Toilette sowie eine Waschmaschine und einen elektrischen Trockner, was eine ergonomische Anordnung der Ger\u00e4te gew\u00e4hrleistet. Dank des Zugangs zu nat\u00fcrlichem Licht ist der Innenraum hell und angenehm, was sich positiv auf die \u00e4sthetische Wahrnehmung des Raums auswirkt und mehr Gestaltungsm\u00f6glichkeiten bietet. Es erm\u00f6glicht auch eine visuelle Verbindung zwischen dem Au\u00dfenbereich und dem Innenraum und spielt auf die Konventionen eines Home Spa oder des biophilen Stils an. Das Tageslicht erm\u00f6glicht es, Topfpflanzen zu z\u00fcchten, die sich positiv auf unsere Sinne auswirken und in letzter Zeit immer h\u00e4ufiger in unseren Badezimmern zu finden sind.<\/p>\n\n\n\n<h2 class=\"wp-block-heading\"><strong>Kleine modulare H\u00e4user und R\u00e4ume, die auf Ihre Bed\u00fcrfnisse zugeschnitten sind<\/strong><\/h2>\n\n\n\n<p>Vom Flur aus hat man au\u00dferdem Zugang zu zwei kleineren Zimmern. Die R\u00e4ume wurden so geplant, dass sie leicht an die individuellen Bed\u00fcrfnisse der Hausbewohner angepasst werden k\u00f6nnen. Der gr\u00f6\u00dfere Raum kann zum <strong>ein gem\u00fctliches Schlafzimmer<\/strong>und der kleinere, vorne, eignet sich perfekt als <strong>Kinderzimmer<\/strong>Der Entwurf des Hauses sieht eine gute Proportionierung der R\u00e4ume vor. Die gut durchdachte Anordnung von W\u00e4nden, T\u00fcr- und Fenster\u00f6ffnungen sorgt f\u00fcr g\u00fcnstige Raumproportionen. Dies erleichtert die Anordnung der R\u00e4ume sowohl unter praktischen als auch unter \u00e4sthetischen Gesichtspunkten. Die angemessene Gr\u00f6\u00dfe der Fenster erm\u00f6glicht eine optimale Belichtung der einzelnen R\u00e4ume, was den Nutzungskomfort erh\u00f6ht.<\/p>\n\n\n\n<h2 class=\"wp-block-heading\"><strong>Wohnzimmer mit K\u00fcchenzeile - ein lichtdurchfluteter Raum<\/strong><\/h2>\n\n\n\n<p>Das Herzst\u00fcck des Hauses ist <strong>ger\u00e4umiges Wohnzimmer mit Kochnische<\/strong>. Dank der Verwendung von gro\u00dfen Verglasungen in Form von zwei Terrassent\u00fcren ist der Innenraum voller nat\u00fcrlichem Licht und optisch gr\u00f6\u00dfer. Jedes T\u00fcrpaar f\u00fchrt zu einer Terrasse, die zu einer nat\u00fcrlichen Erweiterung des Wohnraums wird. Diese L\u00f6sung erm\u00f6glicht eine harmonische Verbindung zwischen dem Innenraum und dem Garten, so dass die Hausbewohner t\u00e4glich die N\u00e4he zur Natur genie\u00dfen k\u00f6nnen.<\/p>\n\n\n\n<p>Als <strong><a href=\"https:\/\/wascovilla.pl\/de\/\" target=\"_blank\" rel=\"noreferrer noopener\">Hersteller von Modulh\u00e4usern<\/a><\/strong>,<strong> <\/strong>Wir legen gro\u00dfen Wert auf eine komfortable und funktionale Innenausstattung. Deshalb befindet sich im Wohnzimmer neben der K\u00fcchenzeile und der Sitzecke auch ein Esstisch mit St\u00fchlen. So entsteht ein Raum f\u00fcr gemeinsame Mahlzeiten.<\/p>\n\n\n\n<h2 class=\"wp-block-heading\"><strong>Laguna<\/strong> <strong>diese<\/strong> <strong>ein kleines Modulhaus f\u00fcr Robustheit und zeitlosen Stil<\/strong><\/h2>\n\n\n\n<p>Die Lagune ist eine sogenannte <strong>Haus auf Anmeldung<\/strong>Das Geb\u00e4ude ist ein kompaktes Bauwerk, das dank seiner geringen Gr\u00f6\u00dfe keine Baugenehmigung ben\u00f6tigt. Dadurch kann es noch schneller gebaut werden als ein typisches <strong><a href=\"https:\/\/wascovilla.pl\/de\/warum-ein-modulares-haus-wahlen\/\">modulares Haus<\/a><\/strong>. <\/p>\n\n\n\n<p>Der klassische Korpus, das schr\u00e4ge Satteldach und die durchdachte Innenaufteilung des Laguna erf\u00fcllen die Erwartungen derjenigen, die eine harmonische Kombination aus Langlebigkeit, Funktionalit\u00e4t und \u00c4sthetik suchen. Es ist eine ideale L\u00f6sung f\u00fcr alle, die zeitloses Design, hohe Verarbeitungsqualit\u00e4t und ergonomische Raumaufteilung sch\u00e4tzen. Ausgew\u00e4hlte Materialien und sorgf\u00e4ltige Verarbeitung garantieren die Langlebigkeit des Geb\u00e4udes. Seine universelle Architektur f\u00fcgt sich harmonisch in das Stadtbild und die nat\u00fcrliche Umgebung fernab der Zivilisation ein.<\/p>\n\n\n\n<p>Wenn Sie mehr \u00fcber Laguna erfahren m\u00f6chten, oder sich \u00fcber andere <strong>Fachwerkh\u00e4user<\/strong> <strong>Wascovilla<\/strong> - laden wir Sie ein, mit uns Kontakt aufzunehmen. Rufen Sie an oder schreiben Sie uns und unsere Berater werden Ihre Fragen beantworten!<\/p>\n\n\n\n<p><\/p>","protected":false},"excerpt":{"rendered":"<p>Wir von Wascovilla wissen, dass ein kleines Haus sowohl funktional als auch komfortabel sein kann. Deshalb haben wir unser Angebot an Projekten um ein weiteres bereichert. Unser neuer Vorschlag ist Laguna - ein kleines modulares Haus mit einer zeitlosen Form, das keine Baugenehmigung erfordert. Es verbindet den Komfort des t\u00e4glichen Gebrauchs mit modernen L\u00f6sungen. Der durchdachte Grundriss des Geb\u00e4udes erm\u00f6glicht eine maximale Raumausnutzung. Gro\u00dfe verglaste Fl\u00e4chen in den [...]<\/p>","protected":false},"author":5,"featured_media":4287,"comment_status":"closed","ping_status":"closed","sticky":false,"template":"","format":"standard","meta":{"_acf_changed":false,"footnotes":""},"categories":[42],"tags":[66,70,64,90,76],"class_list":["post-4221","post","type-post","status-publish","format-standard","has-post-thumbnail","hentry","category-blog","tag-dom-modulowy","tag-dom-rodzinny","tag-dom-szkieletowy","tag-laguna-dom-modulowy","tag-technologia-szkieletowa"],"acf":[],"yoast_head":"<!-- This site is optimized with the Yoast SEO plugin v26.7 - https:\/\/yoast.com\/wordpress\/plugins\/seo\/ -->\n<title>Ma\u0142y dom modu\u0142owy Laguna - WascoVilla | Producent dom\u00f3w z drewna | Domy mieszkalne, nowoczesne, modu\u0142owe, domki letniskowe, wi\u0105zary dachowe, izolacje<\/title>\n<meta name=\"description\" content=\"Laguna \u2013 ma\u0142y dom modu\u0142owy bez pozwolenia na budow\u0119 o ponadczasowej formie, \u0142\u0105cz\u0105cy wygod\u0119 u\u017cytkowania z nowoczesnymi rozwi\u0105zaniami.\" \/>\n<meta name=\"robots\" content=\"index, follow, max-snippet:-1, max-image-preview:large, max-video-preview:-1\" \/>\n<link rel=\"canonical\" href=\"https:\/\/wascovilla.pl\/de\/laguna-kleines-modulares-haus-mit-klassischer-form\/\" \/>\n<meta property=\"og:locale\" content=\"de_DE\" \/>\n<meta property=\"og:type\" content=\"article\" \/>\n<meta property=\"og:title\" content=\"Ma\u0142y dom modu\u0142owy Laguna - WascoVilla | Producent dom\u00f3w z drewna | Domy mieszkalne, nowoczesne, modu\u0142owe, domki letniskowe, wi\u0105zary dachowe, izolacje\" \/>\n<meta property=\"og:description\" content=\"Laguna \u2013 ma\u0142y dom modu\u0142owy bez pozwolenia na budow\u0119 o ponadczasowej formie, \u0142\u0105cz\u0105cy wygod\u0119 u\u017cytkowania z nowoczesnymi rozwi\u0105zaniami.\" \/>\n<meta property=\"og:url\" content=\"https:\/\/wascovilla.pl\/de\/laguna-kleines-modulares-haus-mit-klassischer-form\/\" \/>\n<meta property=\"og:site_name\" content=\"WascoVilla | Producent dom\u00f3w z drewna | Domy mieszkalne, nowoczesne, modu\u0142owe, domki letniskowe, wi\u0105zary dachowe, izolacje\" \/>\n<meta property=\"article:published_time\" content=\"2025-03-19T10:33:33+00:00\" \/>\n<meta property=\"article:modified_time\" content=\"2025-03-25T12:46:40+00:00\" \/>\n<meta property=\"og:image\" content=\"https:\/\/wascovilla.pl\/wp-content\/uploads\/2025\/03\/maly-dom-modulowy.jpg\" \/>\n\t<meta property=\"og:image:width\" content=\"1280\" \/>\n\t<meta property=\"og:image:height\" content=\"921\" \/>\n\t<meta property=\"og:image:type\" content=\"image\/jpeg\" \/>\n<meta name=\"author\" content=\"Redaktor Portalu\" \/>\n<meta name=\"twitter:card\" content=\"summary_large_image\" \/>\n<meta name=\"twitter:label1\" content=\"Verfasst von\" \/>\n\t<meta name=\"twitter:data1\" content=\"Redaktor Portalu\" \/>\n\t<meta name=\"twitter:label2\" content=\"Gesch\u00e4tzte Lesezeit\" \/>\n\t<meta name=\"twitter:data2\" content=\"4\u00a0Minuten\" \/>\n<script type=\"application\/ld+json\" class=\"yoast-schema-graph\">{\"@context\":\"https:\/\/schema.org\",\"@graph\":[{\"@type\":\"Article\",\"@id\":\"https:\/\/wascovilla.pl\/laguna-maly-dom-modulowy-o-klasycznej-formie\/#article\",\"isPartOf\":{\"@id\":\"https:\/\/wascovilla.pl\/laguna-maly-dom-modulowy-o-klasycznej-formie\/\"},\"author\":{\"name\":\"Redaktor Portalu\",\"@id\":\"https:\/\/wascovilla.pl\/#\/schema\/person\/b869498cc6b323877b44ba75485eb88d\"},\"headline\":\"Laguna \u2013 ma\u0142y dom modu\u0142owy o klasycznej formie\",\"datePublished\":\"2025-03-19T10:33:33+00:00\",\"dateModified\":\"2025-03-25T12:46:40+00:00\",\"mainEntityOfPage\":{\"@id\":\"https:\/\/wascovilla.pl\/laguna-maly-dom-modulowy-o-klasycznej-formie\/\"},\"wordCount\":746,\"publisher\":{\"@id\":\"https:\/\/wascovilla.pl\/#organization\"},\"image\":{\"@id\":\"https:\/\/wascovilla.pl\/laguna-maly-dom-modulowy-o-klasycznej-formie\/#primaryimage\"},\"thumbnailUrl\":\"https:\/\/wascovilla.pl\/wp-content\/uploads\/2025\/03\/maly-dom-modulowy.jpg\",\"keywords\":[\"dom modu\u0142owy\",\"dom rodzinny\",\"dom szkieletowy\",\"Laguna - dom modu\u0142owy\",\"technologia szkieletowa\"],\"articleSection\":[\"blog\"],\"inLanguage\":\"de\"},{\"@type\":\"WebPage\",\"@id\":\"https:\/\/wascovilla.pl\/laguna-maly-dom-modulowy-o-klasycznej-formie\/\",\"url\":\"https:\/\/wascovilla.pl\/laguna-maly-dom-modulowy-o-klasycznej-formie\/\",\"name\":\"Ma\u0142y dom modu\u0142owy Laguna - WascoVilla | Producent dom\u00f3w z drewna | Domy mieszkalne, nowoczesne, modu\u0142owe, domki letniskowe, wi\u0105zary dachowe, izolacje\",\"isPartOf\":{\"@id\":\"https:\/\/wascovilla.pl\/#website\"},\"primaryImageOfPage\":{\"@id\":\"https:\/\/wascovilla.pl\/laguna-maly-dom-modulowy-o-klasycznej-formie\/#primaryimage\"},\"image\":{\"@id\":\"https:\/\/wascovilla.pl\/laguna-maly-dom-modulowy-o-klasycznej-formie\/#primaryimage\"},\"thumbnailUrl\":\"https:\/\/wascovilla.pl\/wp-content\/uploads\/2025\/03\/maly-dom-modulowy.jpg\",\"datePublished\":\"2025-03-19T10:33:33+00:00\",\"dateModified\":\"2025-03-25T12:46:40+00:00\",\"description\":\"Laguna \u2013 ma\u0142y dom modu\u0142owy bez pozwolenia na budow\u0119 o ponadczasowej formie, \u0142\u0105cz\u0105cy wygod\u0119 u\u017cytkowania z nowoczesnymi rozwi\u0105zaniami.\",\"breadcrumb\":{\"@id\":\"https:\/\/wascovilla.pl\/laguna-maly-dom-modulowy-o-klasycznej-formie\/#breadcrumb\"},\"inLanguage\":\"de\",\"potentialAction\":[{\"@type\":\"ReadAction\",\"target\":[\"https:\/\/wascovilla.pl\/laguna-maly-dom-modulowy-o-klasycznej-formie\/\"]}]},{\"@type\":\"ImageObject\",\"inLanguage\":\"de\",\"@id\":\"https:\/\/wascovilla.pl\/laguna-maly-dom-modulowy-o-klasycznej-formie\/#primaryimage\",\"url\":\"https:\/\/wascovilla.pl\/wp-content\/uploads\/2025\/03\/maly-dom-modulowy.jpg\",\"contentUrl\":\"https:\/\/wascovilla.pl\/wp-content\/uploads\/2025\/03\/maly-dom-modulowy.jpg\",\"width\":1280,\"height\":921,\"caption\":\"ma\u0142y dom modu\u0142owy\"},{\"@type\":\"BreadcrumbList\",\"@id\":\"https:\/\/wascovilla.pl\/laguna-maly-dom-modulowy-o-klasycznej-formie\/#breadcrumb\",\"itemListElement\":[{\"@type\":\"ListItem\",\"position\":1,\"name\":\"Strona g\u0142\u00f3wna\",\"item\":\"https:\/\/wascovilla.pl\/\"},{\"@type\":\"ListItem\",\"position\":2,\"name\":\"Laguna \u2013 ma\u0142y dom modu\u0142owy o klasycznej formie\"}]},{\"@type\":\"WebSite\",\"@id\":\"https:\/\/wascovilla.pl\/#website\",\"url\":\"https:\/\/wascovilla.pl\/\",\"name\":\"WascoVilla | Producent dom\u00f3w z drewna | Domy mieszkalne, nowoczesne, modu\u0142owe, domki letniskowe, wi\u0105zary dachowe, izolacje\",\"description\":\"\",\"publisher\":{\"@id\":\"https:\/\/wascovilla.pl\/#organization\"},\"potentialAction\":[{\"@type\":\"SearchAction\",\"target\":{\"@type\":\"EntryPoint\",\"urlTemplate\":\"https:\/\/wascovilla.pl\/?s={search_term_string}\"},\"query-input\":{\"@type\":\"PropertyValueSpecification\",\"valueRequired\":true,\"valueName\":\"search_term_string\"}}],\"inLanguage\":\"de\"},{\"@type\":\"Organization\",\"@id\":\"https:\/\/wascovilla.pl\/#organization\",\"name\":\"WascoVilla | Producent dom\u00f3w z drewna | Domy mieszkalne, nowoczesne, modu\u0142owe, domki letniskowe, wi\u0105zary dachowe, izolacje\",\"url\":\"https:\/\/wascovilla.pl\/\",\"logo\":{\"@type\":\"ImageObject\",\"inLanguage\":\"de\",\"@id\":\"https:\/\/wascovilla.pl\/#\/schema\/logo\/image\/\",\"url\":\"https:\/\/wascovilla.pl\/wp-content\/uploads\/2024\/06\/logo.jpg\",\"contentUrl\":\"https:\/\/wascovilla.pl\/wp-content\/uploads\/2024\/06\/logo.jpg\",\"width\":282,\"height\":119,\"caption\":\"WascoVilla | Producent dom\u00f3w z drewna | Domy mieszkalne, nowoczesne, modu\u0142owe, domki letniskowe, wi\u0105zary dachowe, izolacje\"},\"image\":{\"@id\":\"https:\/\/wascovilla.pl\/#\/schema\/logo\/image\/\"}},{\"@type\":\"Person\",\"@id\":\"https:\/\/wascovilla.pl\/#\/schema\/person\/b869498cc6b323877b44ba75485eb88d\",\"name\":\"Redaktor Portalu\",\"image\":{\"@type\":\"ImageObject\",\"inLanguage\":\"de\",\"@id\":\"https:\/\/wascovilla.pl\/#\/schema\/person\/image\/\",\"url\":\"https:\/\/secure.gravatar.com\/avatar\/77d09e67d41fe0e53135246444a453ea4057bb207ca08dd279e107c4329b143d?s=96&d=mm&r=g\",\"contentUrl\":\"https:\/\/secure.gravatar.com\/avatar\/77d09e67d41fe0e53135246444a453ea4057bb207ca08dd279e107c4329b143d?s=96&d=mm&r=g\",\"caption\":\"Redaktor Portalu\"},\"url\":\"https:\/\/wascovilla.pl\/de\/author\/dominika\/\"}]}<\/script>\n<!-- \/ Yoast SEO plugin. -->","yoast_head_json":{"title":"Laguna kleines Modulhaus - WascoVilla | Hersteller von Holzh\u00e4usern | Wohnh\u00e4user, modern, modular, Bungalows, Dachst\u00fchle, Isolierung","description":"Lagoon - ein kleines Modulhaus ohne Baugenehmigung mit einer zeitlosen Form, die Komfort mit modernen L\u00f6sungen verbindet.","robots":{"index":"index","follow":"follow","max-snippet":"max-snippet:-1","max-image-preview":"max-image-preview:large","max-video-preview":"max-video-preview:-1"},"canonical":"https:\/\/wascovilla.pl\/de\/laguna-kleines-modulares-haus-mit-klassischer-form\/","og_locale":"de_DE","og_type":"article","og_title":"Ma\u0142y dom modu\u0142owy Laguna - WascoVilla | Producent dom\u00f3w z drewna | Domy mieszkalne, nowoczesne, modu\u0142owe, domki letniskowe, wi\u0105zary dachowe, izolacje","og_description":"Laguna \u2013 ma\u0142y dom modu\u0142owy bez pozwolenia na budow\u0119 o ponadczasowej formie, \u0142\u0105cz\u0105cy wygod\u0119 u\u017cytkowania z nowoczesnymi rozwi\u0105zaniami.","og_url":"https:\/\/wascovilla.pl\/de\/laguna-kleines-modulares-haus-mit-klassischer-form\/","og_site_name":"WascoVilla | Producent dom\u00f3w z drewna | Domy mieszkalne, nowoczesne, modu\u0142owe, domki letniskowe, wi\u0105zary dachowe, izolacje","article_published_time":"2025-03-19T10:33:33+00:00","article_modified_time":"2025-03-25T12:46:40+00:00","og_image":[{"width":1280,"height":921,"url":"https:\/\/wascovilla.pl\/wp-content\/uploads\/2025\/03\/maly-dom-modulowy.jpg","type":"image\/jpeg"}],"author":"Redaktor Portalu","twitter_card":"summary_large_image","twitter_misc":{"Verfasst von":"Redaktor Portalu","Gesch\u00e4tzte Lesezeit":"4\u00a0Minuten"},"schema":{"@context":"https:\/\/schema.org","@graph":[{"@type":"Article","@id":"https:\/\/wascovilla.pl\/laguna-maly-dom-modulowy-o-klasycznej-formie\/#article","isPartOf":{"@id":"https:\/\/wascovilla.pl\/laguna-maly-dom-modulowy-o-klasycznej-formie\/"},"author":{"name":"Redaktor Portalu","@id":"https:\/\/wascovilla.pl\/#\/schema\/person\/b869498cc6b323877b44ba75485eb88d"},"headline":"Laguna \u2013 ma\u0142y dom modu\u0142owy o klasycznej formie","datePublished":"2025-03-19T10:33:33+00:00","dateModified":"2025-03-25T12:46:40+00:00","mainEntityOfPage":{"@id":"https:\/\/wascovilla.pl\/laguna-maly-dom-modulowy-o-klasycznej-formie\/"},"wordCount":746,"publisher":{"@id":"https:\/\/wascovilla.pl\/#organization"},"image":{"@id":"https:\/\/wascovilla.pl\/laguna-maly-dom-modulowy-o-klasycznej-formie\/#primaryimage"},"thumbnailUrl":"https:\/\/wascovilla.pl\/wp-content\/uploads\/2025\/03\/maly-dom-modulowy.jpg","keywords":["dom modu\u0142owy","dom rodzinny","dom szkieletowy","Laguna - dom modu\u0142owy","technologia szkieletowa"],"articleSection":["blog"],"inLanguage":"de"},{"@type":"WebPage","@id":"https:\/\/wascovilla.pl\/laguna-maly-dom-modulowy-o-klasycznej-formie\/","url":"https:\/\/wascovilla.pl\/laguna-maly-dom-modulowy-o-klasycznej-formie\/","name":"Laguna kleines Modulhaus - WascoVilla | Hersteller von Holzh\u00e4usern | Wohnh\u00e4user, modern, modular, Bungalows, Dachst\u00fchle, Isolierung","isPartOf":{"@id":"https:\/\/wascovilla.pl\/#website"},"primaryImageOfPage":{"@id":"https:\/\/wascovilla.pl\/laguna-maly-dom-modulowy-o-klasycznej-formie\/#primaryimage"},"image":{"@id":"https:\/\/wascovilla.pl\/laguna-maly-dom-modulowy-o-klasycznej-formie\/#primaryimage"},"thumbnailUrl":"https:\/\/wascovilla.pl\/wp-content\/uploads\/2025\/03\/maly-dom-modulowy.jpg","datePublished":"2025-03-19T10:33:33+00:00","dateModified":"2025-03-25T12:46:40+00:00","description":"Lagoon - ein kleines Modulhaus ohne Baugenehmigung mit einer zeitlosen Form, die Komfort mit modernen L\u00f6sungen verbindet.","breadcrumb":{"@id":"https:\/\/wascovilla.pl\/laguna-maly-dom-modulowy-o-klasycznej-formie\/#breadcrumb"},"inLanguage":"de","potentialAction":[{"@type":"ReadAction","target":["https:\/\/wascovilla.pl\/laguna-maly-dom-modulowy-o-klasycznej-formie\/"]}]},{"@type":"ImageObject","inLanguage":"de","@id":"https:\/\/wascovilla.pl\/laguna-maly-dom-modulowy-o-klasycznej-formie\/#primaryimage","url":"https:\/\/wascovilla.pl\/wp-content\/uploads\/2025\/03\/maly-dom-modulowy.jpg","contentUrl":"https:\/\/wascovilla.pl\/wp-content\/uploads\/2025\/03\/maly-dom-modulowy.jpg","width":1280,"height":921,"caption":"ma\u0142y dom modu\u0142owy"},{"@type":"BreadcrumbList","@id":"https:\/\/wascovilla.pl\/laguna-maly-dom-modulowy-o-klasycznej-formie\/#breadcrumb","itemListElement":[{"@type":"ListItem","position":1,"name":"Strona g\u0142\u00f3wna","item":"https:\/\/wascovilla.pl\/"},{"@type":"ListItem","position":2,"name":"Laguna \u2013 ma\u0142y dom modu\u0142owy o klasycznej formie"}]},{"@type":"WebSite","@id":"https:\/\/wascovilla.pl\/#website","url":"https:\/\/wascovilla.pl\/","name":"WascoVilla | Hersteller von Holzh\u00e4usern | Wohnh\u00e4user, moderne, modulare, Ferienh\u00e4user, Dachst\u00fchle, Isolierung","description":"","publisher":{"@id":"https:\/\/wascovilla.pl\/#organization"},"potentialAction":[{"@type":"SearchAction","target":{"@type":"EntryPoint","urlTemplate":"https:\/\/wascovilla.pl\/?s={search_term_string}"},"query-input":{"@type":"PropertyValueSpecification","valueRequired":true,"valueName":"search_term_string"}}],"inLanguage":"de"},{"@type":"Organization","@id":"https:\/\/wascovilla.pl\/#organization","name":"WascoVilla | Hersteller von Holzh\u00e4usern | Wohnh\u00e4user, moderne, modulare, Ferienh\u00e4user, Dachst\u00fchle, Isolierung","url":"https:\/\/wascovilla.pl\/","logo":{"@type":"ImageObject","inLanguage":"de","@id":"https:\/\/wascovilla.pl\/#\/schema\/logo\/image\/","url":"https:\/\/wascovilla.pl\/wp-content\/uploads\/2024\/06\/logo.jpg","contentUrl":"https:\/\/wascovilla.pl\/wp-content\/uploads\/2024\/06\/logo.jpg","width":282,"height":119,"caption":"WascoVilla | Producent dom\u00f3w z drewna | Domy mieszkalne, nowoczesne, modu\u0142owe, domki letniskowe, wi\u0105zary dachowe, izolacje"},"image":{"@id":"https:\/\/wascovilla.pl\/#\/schema\/logo\/image\/"}},{"@type":"Person","@id":"https:\/\/wascovilla.pl\/#\/schema\/person\/b869498cc6b323877b44ba75485eb88d","name":"Portal-Editor","image":{"@type":"ImageObject","inLanguage":"de","@id":"https:\/\/wascovilla.pl\/#\/schema\/person\/image\/","url":"https:\/\/secure.gravatar.com\/avatar\/77d09e67d41fe0e53135246444a453ea4057bb207ca08dd279e107c4329b143d?s=96&d=mm&r=g","contentUrl":"https:\/\/secure.gravatar.com\/avatar\/77d09e67d41fe0e53135246444a453ea4057bb207ca08dd279e107c4329b143d?s=96&d=mm&r=g","caption":"Redaktor Portalu"},"url":"https:\/\/wascovilla.pl\/de\/author\/dominika\/"}]}},"_links":{"self":[{"href":"https:\/\/wascovilla.pl\/de\/wp-json\/wp\/v2\/posts\/4221","targetHints":{"allow":["GET"]}}],"collection":[{"href":"https:\/\/wascovilla.pl\/de\/wp-json\/wp\/v2\/posts"}],"about":[{"href":"https:\/\/wascovilla.pl\/de\/wp-json\/wp\/v2\/types\/post"}],"author":[{"embeddable":true,"href":"https:\/\/wascovilla.pl\/de\/wp-json\/wp\/v2\/users\/5"}],"replies":[{"embeddable":true,"href":"https:\/\/wascovilla.pl\/de\/wp-json\/wp\/v2\/comments?post=4221"}],"version-history":[{"count":11,"href":"https:\/\/wascovilla.pl\/de\/wp-json\/wp\/v2\/posts\/4221\/revisions"}],"predecessor-version":[{"id":4286,"href":"https:\/\/wascovilla.pl\/de\/wp-json\/wp\/v2\/posts\/4221\/revisions\/4286"}],"wp:featuredmedia":[{"embeddable":true,"href":"https:\/\/wascovilla.pl\/de\/wp-json\/wp\/v2\/media\/4287"}],"wp:attachment":[{"href":"https:\/\/wascovilla.pl\/de\/wp-json\/wp\/v2\/media?parent=4221"}],"wp:term":[{"taxonomy":"category","embeddable":true,"href":"https:\/\/wascovilla.pl\/de\/wp-json\/wp\/v2\/categories?post=4221"},{"taxonomy":"post_tag","embeddable":true,"href":"https:\/\/wascovilla.pl\/de\/wp-json\/wp\/v2\/tags?post=4221"}],"curies":[{"name":"wp","href":"https:\/\/api.w.org\/{rel}","templated":true}]}}