{"id":3886,"date":"2025-02-18T20:24:22","date_gmt":"2025-02-18T20:24:22","guid":{"rendered":"https:\/\/wascovilla.pl\/?p=3886"},"modified":"2025-02-18T20:27:37","modified_gmt":"2025-02-18T20:27:37","slug":"fachwerkhaus-mit-dachgeschoss-oder-einstockiges-haus","status":"publish","type":"post","link":"https:\/\/wascovilla.pl\/de\/fachwerkhaus-mit-dachgeschoss-oder-einstockiges-haus\/","title":{"rendered":"Ein Fachwerkhaus mit Dachgeschoss oder einst\u00f6ckig?"},"content":{"rendered":"<p>Bei der Planung des Baus eines Hauses ist eine der wichtigsten Entscheidungen des Investors die funktionale Gestaltung des Geb\u00e4udes. Ist es besser, sich f\u00fcr <strong>einst\u00f6ckiges Haus<\/strong>oder f\u00fcr ein h\u00f6heres Fachwerkhaus<strong> mit einem nutzbaren Dachboden<\/strong>? Jede dieser L\u00f6sungen hat ihre eigenen Vorteile und Grenzen, die sich auf den Benutzerkomfort, die Baukosten und die Gestaltung des Innenraums auswirken. <\/p>\n\n\n\n<p>In Wascovilla bauen wir <a href=\"https:\/\/wascovilla.pl\/de\/hauser\/\" target=\"_blank\" rel=\"noreferrer noopener\"><strong>Fachwerkh\u00e4user<\/strong><\/a>sowohl eingeschossig als auch mit nutzbarem Dachgeschoss. Wir verstehen sehr gut, dass die Bed\u00fcrfnisse der Investoren unterschiedlich sind. Damit Sie eine fundierte Entscheidung treffen k\u00f6nnen, beschreiben wir in diesem Text die wichtigsten Vor- und Nachteile der beiden L\u00f6sungen.<\/p>\n\n\n\n<h2 class=\"wp-block-heading\"><strong>Einst\u00f6ckiges Haus - Komfort und r\u00e4umlicher Zusammenhalt<\/strong><\/h2>\n\n\n\n<p>In einst\u00f6ckigen H\u00e4usern befinden sich alle R\u00e4ume auf einer Ebene, so dass keine Treppen erforderlich sind. Dies ist besonders wichtig f\u00fcr Familien mit Kindern, \u00e4ltere Menschen und diejenigen, die langfristig an den Komfort ihrer Wohnung denken.<\/p>\n\n\n\n<p>Um die gleiche Wohnfl\u00e4che wie bei einem zweigeschossigen Geb\u00e4ude zu erreichen, ben\u00f6tigen einst\u00f6ckige H\u00e4user eine gr\u00f6\u00dfere Baufl\u00e4che. Das bedeutet, dass ein gr\u00f6\u00dferes Grundst\u00fcck erforderlich ist, vor allem, wenn Sie einen gro\u00dfen Garten haben m\u00f6chten. Es sei darauf hingewiesen, dass ein ausreichend gro\u00dfes Grundst\u00fcck zur Verf\u00fcgung stehen muss, unabh\u00e4ngig davon, ob das Haus in traditioneller Bauweise, in Holzrahmenbauweise oder in anderer Technik errichtet wird. Andererseits entf\u00e4llt durch das Fehlen einer zus\u00e4tzlichen Ebene die Notwendigkeit einer Treppe und eines weiteren Stockwerks. Dies kann (wenn auch nicht unbedingt) die Kosten senken. Es ist zu beachten, dass ein einst\u00f6ckiges Haus nicht immer die billigere Variante ist. Die gr\u00f6\u00dfere Fl\u00e4che des Daches und der Fundamente kann die Endkosten der Investition im Vergleich zu einem Geb\u00e4ude mit einem nutzbaren Dachboden erh\u00f6hen.<\/p>\n\n\n\n<p>Bei Wascovilla entwerfen wir <strong>Eingeschossige H\u00e4user in Holzrahmenbauweise<\/strong> um den verf\u00fcgbaren Platz optimal zu nutzen. Modelle <strong>Klippe, D\u00fcne und Perle<\/strong> sind Vorschl\u00e4ge f\u00fcr diejenigen, die funktionelle und energieeffiziente L\u00f6sungen suchen, die ein komfortables Wohnen erm\u00f6glichen, ohne dass der Raum in Ebenen unterteilt werden muss.<\/p>\n\n\n\n<h2 class=\"wp-block-heading\"><strong>Haus mit nutzbarem Dachboden - effiziente Raumausnutzung<\/strong><\/h2>\n\n\n\n<p>H\u00e4user mit einem nutzbaren Dachgeschoss erm\u00f6glichen die vertikale Aufteilung des Raumes in einen Wohnbereich (im Erdgeschoss) und einen Schlafbereich (im Dachgeschoss). Das Obergeschoss kann daher als privater Bereich f\u00fcr die Bewohner dienen - dort k\u00f6nnen Schlafzimmer, ein Arbeitszimmer oder Stauraum eingerichtet werden.<\/p>\n\n\n\n<p>Was die Baukosten betrifft, so wird durch die Aufteilung in zwei Ebenen der Platzbedarf f\u00fcr Fundament und Dach verringert. Dies kann in einigen F\u00e4llen zu Einsparungen f\u00fchren. Andererseits k\u00f6nnen zus\u00e4tzliche Elemente wie eine Treppe oder die D\u00e4mmung der Dachschr\u00e4gen die Kosten erh\u00f6hen. <strong>Baukosten<\/strong>. Um das Dachgeschoss voll funktionsf\u00e4hig zu machen, m\u00fcssen geeignete Dachfenster oder traditionelle Fenster in den Giebelw\u00e4nden eingesetzt werden, um eine angemessene Innenbeleuchtung zu gew\u00e4hrleisten.<\/p>\n\n\n\n<p>Bei H\u00e4usern mit nutzbarem Dachgeschoss k\u00f6nnen Architekten den Raum so gestalten, dass das Geb\u00e4ude die Kriterien erf\u00fcllt, die eine Errichtung durch Anmeldung erm\u00f6glichen, ohne dass eine Baugenehmigung erforderlich ist. Dies gilt sowohl f\u00fcr <strong>modulare H\u00e4user<\/strong>als auch solche, die mit traditioneller Technologie gebaut werden. Eine angemessene Planung des Gebiets erm\u00f6glicht es, dass das Projekt den geltenden Vorschriften entspricht, was das formale Verfahren vereinfacht und den Beginn der Investition beschleunigt.&nbsp;<\/p>\n\n\n\n<p>W <strong>Wascovilla <\/strong>Wir bieten unseren Kunden <strong><a href=\"https:\/\/wascovilla.pl\/de\/hauser\/\" target=\"_blank\" rel=\"noreferrer noopener\">modulare H\u00e4user<\/a> Breeze und Little Breeze<\/strong>. Die Geb\u00e4ude unterscheiden sich in Gr\u00f6\u00dfe und Raumaufteilung. Beide wurden mit einem Zwischengeschoss ausgestattet, um zus\u00e4tzlichen Wohnraum zu schaffen.<\/p>\n\n\n\n<h2 class=\"wp-block-heading\"><strong>Eingeschossig oder mit Dachgeschoss? Welche <\/strong><strong>Fachwerkhaus<\/strong><strong> w\u00e4hlen?<\/strong><\/h2>\n\n\n\n<p>Die Entscheidung, ob man sich f\u00fcr ein einst\u00f6ckiges Haus oder ein Haus mit nutzbarem Dachgeschoss entscheidet, sollte von mehreren wichtigen Faktoren abh\u00e4ngen: von der Gr\u00f6\u00dfe und den M\u00f6glichkeiten des Grundst\u00fccks, den Bed\u00fcrfnissen der Bewohner, dem Budget und den Erwartungen an die Raumaufteilung. Wenn Sie eine gr\u00f6\u00dfere Nutzfl\u00e4che w\u00fcnschen und dabei eine relativ kleine Grundfl\u00e4che beibehalten wollen, sollten Sie Folgendes in Betracht ziehen <strong>Haus mit nutzbarem Dachboden<\/strong>. Wenn hingegen die Bequemlichkeit der Nutzung und das Fehlen architektonischer Barrieren im Vordergrund stehen, ist die bessere Wahl <strong>einst\u00f6ckiges Haus<\/strong>.&nbsp;<\/p>\n\n\n\n<p>Bei Wascovilla entwerfen wir <strong>modulare H\u00e4user<\/strong> die auf die unterschiedlichen Bed\u00fcrfnisse der Bauherren zugeschnitten sind und Funktionalit\u00e4t, hohe Verarbeitungsqualit\u00e4t und energieeffiziente Technologien miteinander verbinden. Wie auch immer die Wahl ausf\u00e4llt, <strong>ein Haus in Holzrahmenbauweise ist eine Investition<\/strong>die dem Benutzer Komfort, Langlebigkeit und eine schnelle Bearbeitungszeit garantieren. Haben Sie noch Fragen? <a href=\"https:\/\/wascovilla.pl\/de\/#kontakt\" target=\"_blank\" rel=\"noreferrer noopener\">Kontakt<\/a>!<\/p>\n\n\n\n<p><\/p>","protected":false},"excerpt":{"rendered":"<p>Bei der Planung des Baus eines Hauses ist eine der wichtigsten Entscheidungen des Bauherrn die funktionale Gestaltung des Geb\u00e4udes. Ist es besser, sich f\u00fcr ein einst\u00f6ckiges Haus zu entscheiden oder vielleicht f\u00fcr ein h\u00f6heres Fachwerkhaus mit einem nutzbaren Dachgeschoss? Jede dieser L\u00f6sungen hat ihre eigenen Vorteile und Einschr\u00e4nkungen, die sich auf den Nutzungskomfort, die Baukosten und die Gestaltung der Innenr\u00e4ume auswirken. Bei Wascovilla bauen wir H\u00e4user in Holzrahmenbauweise, sowohl [...]<\/p>","protected":false},"author":5,"featured_media":3887,"comment_status":"closed","ping_status":"closed","sticky":false,"template":"","format":"standard","meta":{"_acf_changed":false,"footnotes":""},"categories":[42],"tags":[82,66,64],"class_list":["post-3886","post","type-post","status-publish","format-standard","has-post-thumbnail","hentry","category-blog","tag-budowa-domu","tag-dom-modulowy","tag-dom-szkieletowy"],"acf":[],"yoast_head":"<!-- This site is optimized with the Yoast SEO plugin v26.7 - https:\/\/yoast.com\/wordpress\/plugins\/seo\/ -->\n<title>Jaki dom szkieletowy wybra\u0107 - z poddaszem czy parterowy?<\/title>\n<meta name=\"description\" content=\"Zastanawiasz si\u0119, kt\u00f3ry dom szkieletowy b\u0119dzie najlepszym wyborem? Poznaj wszystkie opcje zanim podejmiesz wyb\u00f3r!\" \/>\n<meta name=\"robots\" content=\"index, follow, max-snippet:-1, max-image-preview:large, max-video-preview:-1\" \/>\n<link rel=\"canonical\" href=\"https:\/\/wascovilla.pl\/de\/fachwerkhaus-mit-dachgeschoss-oder-einstockiges-haus\/\" \/>\n<meta property=\"og:locale\" content=\"de_DE\" \/>\n<meta property=\"og:type\" content=\"article\" \/>\n<meta property=\"og:title\" content=\"Jaki dom szkieletowy wybra\u0107 - z poddaszem czy parterowy?\" \/>\n<meta property=\"og:description\" content=\"Zastanawiasz si\u0119, kt\u00f3ry dom szkieletowy b\u0119dzie najlepszym wyborem? Poznaj wszystkie opcje zanim podejmiesz wyb\u00f3r!\" \/>\n<meta property=\"og:url\" content=\"https:\/\/wascovilla.pl\/de\/fachwerkhaus-mit-dachgeschoss-oder-einstockiges-haus\/\" \/>\n<meta property=\"og:site_name\" content=\"WascoVilla | Producent dom\u00f3w z drewna | Domy mieszkalne, nowoczesne, modu\u0142owe, domki letniskowe, wi\u0105zary dachowe, izolacje\" \/>\n<meta property=\"article:published_time\" content=\"2025-02-18T20:24:22+00:00\" \/>\n<meta property=\"article:modified_time\" content=\"2025-02-18T20:27:37+00:00\" \/>\n<meta property=\"og:image\" content=\"https:\/\/wascovilla.pl\/wp-content\/uploads\/2025\/02\/Dom-szkieletowy.jpg\" \/>\n\t<meta property=\"og:image:width\" content=\"1280\" \/>\n\t<meta property=\"og:image:height\" content=\"720\" \/>\n\t<meta property=\"og:image:type\" content=\"image\/jpeg\" \/>\n<meta name=\"author\" content=\"Redaktor Portalu\" \/>\n<meta name=\"twitter:card\" content=\"summary_large_image\" \/>\n<meta name=\"twitter:label1\" content=\"Verfasst von\" \/>\n\t<meta name=\"twitter:data1\" content=\"Redaktor Portalu\" \/>\n\t<meta name=\"twitter:label2\" content=\"Gesch\u00e4tzte Lesezeit\" \/>\n\t<meta name=\"twitter:data2\" content=\"4\u00a0Minuten\" \/>\n<script type=\"application\/ld+json\" class=\"yoast-schema-graph\">{\"@context\":\"https:\/\/schema.org\",\"@graph\":[{\"@type\":\"Article\",\"@id\":\"https:\/\/wascovilla.pl\/dom-szkieletowy-z-poddaszem-uzytkowym-czy-parterowy\/#article\",\"isPartOf\":{\"@id\":\"https:\/\/wascovilla.pl\/dom-szkieletowy-z-poddaszem-uzytkowym-czy-parterowy\/\"},\"author\":{\"name\":\"Redaktor Portalu\",\"@id\":\"https:\/\/wascovilla.pl\/#\/schema\/person\/b869498cc6b323877b44ba75485eb88d\"},\"headline\":\"Dom szkieletowy z poddaszem u\u017cytkowym czy parterowy?\",\"datePublished\":\"2025-02-18T20:24:22+00:00\",\"dateModified\":\"2025-02-18T20:27:37+00:00\",\"mainEntityOfPage\":{\"@id\":\"https:\/\/wascovilla.pl\/dom-szkieletowy-z-poddaszem-uzytkowym-czy-parterowy\/\"},\"wordCount\":709,\"publisher\":{\"@id\":\"https:\/\/wascovilla.pl\/#organization\"},\"image\":{\"@id\":\"https:\/\/wascovilla.pl\/dom-szkieletowy-z-poddaszem-uzytkowym-czy-parterowy\/#primaryimage\"},\"thumbnailUrl\":\"https:\/\/wascovilla.pl\/wp-content\/uploads\/2025\/02\/Dom-szkieletowy.jpg\",\"keywords\":[\"budowa domu\",\"dom modu\u0142owy\",\"dom szkieletowy\"],\"articleSection\":[\"blog\"],\"inLanguage\":\"de\"},{\"@type\":\"WebPage\",\"@id\":\"https:\/\/wascovilla.pl\/dom-szkieletowy-z-poddaszem-uzytkowym-czy-parterowy\/\",\"url\":\"https:\/\/wascovilla.pl\/dom-szkieletowy-z-poddaszem-uzytkowym-czy-parterowy\/\",\"name\":\"Jaki dom szkieletowy wybra\u0107 - z poddaszem czy parterowy?\",\"isPartOf\":{\"@id\":\"https:\/\/wascovilla.pl\/#website\"},\"primaryImageOfPage\":{\"@id\":\"https:\/\/wascovilla.pl\/dom-szkieletowy-z-poddaszem-uzytkowym-czy-parterowy\/#primaryimage\"},\"image\":{\"@id\":\"https:\/\/wascovilla.pl\/dom-szkieletowy-z-poddaszem-uzytkowym-czy-parterowy\/#primaryimage\"},\"thumbnailUrl\":\"https:\/\/wascovilla.pl\/wp-content\/uploads\/2025\/02\/Dom-szkieletowy.jpg\",\"datePublished\":\"2025-02-18T20:24:22+00:00\",\"dateModified\":\"2025-02-18T20:27:37+00:00\",\"description\":\"Zastanawiasz si\u0119, kt\u00f3ry dom szkieletowy b\u0119dzie najlepszym wyborem? Poznaj wszystkie opcje zanim podejmiesz wyb\u00f3r!\",\"breadcrumb\":{\"@id\":\"https:\/\/wascovilla.pl\/dom-szkieletowy-z-poddaszem-uzytkowym-czy-parterowy\/#breadcrumb\"},\"inLanguage\":\"de\",\"potentialAction\":[{\"@type\":\"ReadAction\",\"target\":[\"https:\/\/wascovilla.pl\/dom-szkieletowy-z-poddaszem-uzytkowym-czy-parterowy\/\"]}]},{\"@type\":\"ImageObject\",\"inLanguage\":\"de\",\"@id\":\"https:\/\/wascovilla.pl\/dom-szkieletowy-z-poddaszem-uzytkowym-czy-parterowy\/#primaryimage\",\"url\":\"https:\/\/wascovilla.pl\/wp-content\/uploads\/2025\/02\/Dom-szkieletowy.jpg\",\"contentUrl\":\"https:\/\/wascovilla.pl\/wp-content\/uploads\/2025\/02\/Dom-szkieletowy.jpg\",\"width\":1280,\"height\":720,\"caption\":\"Dom szkieletowy\"},{\"@type\":\"BreadcrumbList\",\"@id\":\"https:\/\/wascovilla.pl\/dom-szkieletowy-z-poddaszem-uzytkowym-czy-parterowy\/#breadcrumb\",\"itemListElement\":[{\"@type\":\"ListItem\",\"position\":1,\"name\":\"Strona g\u0142\u00f3wna\",\"item\":\"https:\/\/wascovilla.pl\/\"},{\"@type\":\"ListItem\",\"position\":2,\"name\":\"Dom szkieletowy z poddaszem u\u017cytkowym czy parterowy?\"}]},{\"@type\":\"WebSite\",\"@id\":\"https:\/\/wascovilla.pl\/#website\",\"url\":\"https:\/\/wascovilla.pl\/\",\"name\":\"WascoVilla | Producent dom\u00f3w z drewna | Domy mieszkalne, nowoczesne, modu\u0142owe, domki letniskowe, wi\u0105zary dachowe, izolacje\",\"description\":\"\",\"publisher\":{\"@id\":\"https:\/\/wascovilla.pl\/#organization\"},\"potentialAction\":[{\"@type\":\"SearchAction\",\"target\":{\"@type\":\"EntryPoint\",\"urlTemplate\":\"https:\/\/wascovilla.pl\/?s={search_term_string}\"},\"query-input\":{\"@type\":\"PropertyValueSpecification\",\"valueRequired\":true,\"valueName\":\"search_term_string\"}}],\"inLanguage\":\"de\"},{\"@type\":\"Organization\",\"@id\":\"https:\/\/wascovilla.pl\/#organization\",\"name\":\"WascoVilla | Producent dom\u00f3w z drewna | Domy mieszkalne, nowoczesne, modu\u0142owe, domki letniskowe, wi\u0105zary dachowe, izolacje\",\"url\":\"https:\/\/wascovilla.pl\/\",\"logo\":{\"@type\":\"ImageObject\",\"inLanguage\":\"de\",\"@id\":\"https:\/\/wascovilla.pl\/#\/schema\/logo\/image\/\",\"url\":\"https:\/\/wascovilla.pl\/wp-content\/uploads\/2024\/06\/logo.jpg\",\"contentUrl\":\"https:\/\/wascovilla.pl\/wp-content\/uploads\/2024\/06\/logo.jpg\",\"width\":282,\"height\":119,\"caption\":\"WascoVilla | Producent dom\u00f3w z drewna | Domy mieszkalne, nowoczesne, modu\u0142owe, domki letniskowe, wi\u0105zary dachowe, izolacje\"},\"image\":{\"@id\":\"https:\/\/wascovilla.pl\/#\/schema\/logo\/image\/\"}},{\"@type\":\"Person\",\"@id\":\"https:\/\/wascovilla.pl\/#\/schema\/person\/b869498cc6b323877b44ba75485eb88d\",\"name\":\"Redaktor Portalu\",\"image\":{\"@type\":\"ImageObject\",\"inLanguage\":\"de\",\"@id\":\"https:\/\/wascovilla.pl\/#\/schema\/person\/image\/\",\"url\":\"https:\/\/secure.gravatar.com\/avatar\/77d09e67d41fe0e53135246444a453ea4057bb207ca08dd279e107c4329b143d?s=96&d=mm&r=g\",\"contentUrl\":\"https:\/\/secure.gravatar.com\/avatar\/77d09e67d41fe0e53135246444a453ea4057bb207ca08dd279e107c4329b143d?s=96&d=mm&r=g\",\"caption\":\"Redaktor Portalu\"},\"url\":\"https:\/\/wascovilla.pl\/de\/author\/dominika\/\"}]}<\/script>\n<!-- \/ Yoast SEO plugin. -->","yoast_head_json":{"title":"Welches Holzrahmenhaus soll es sein - mit Dachgeschoss oder eingeschossig?","description":"Sie fragen sich, welches Holzrahmenhaus die beste Wahl ist? Informieren Sie sich \u00fcber alle Optionen, bevor Sie Ihre Wahl treffen!","robots":{"index":"index","follow":"follow","max-snippet":"max-snippet:-1","max-image-preview":"max-image-preview:large","max-video-preview":"max-video-preview:-1"},"canonical":"https:\/\/wascovilla.pl\/de\/fachwerkhaus-mit-dachgeschoss-oder-einstockiges-haus\/","og_locale":"de_DE","og_type":"article","og_title":"Jaki dom szkieletowy wybra\u0107 - z poddaszem czy parterowy?","og_description":"Zastanawiasz si\u0119, kt\u00f3ry dom szkieletowy b\u0119dzie najlepszym wyborem? Poznaj wszystkie opcje zanim podejmiesz wyb\u00f3r!","og_url":"https:\/\/wascovilla.pl\/de\/fachwerkhaus-mit-dachgeschoss-oder-einstockiges-haus\/","og_site_name":"WascoVilla | Producent dom\u00f3w z drewna | Domy mieszkalne, nowoczesne, modu\u0142owe, domki letniskowe, wi\u0105zary dachowe, izolacje","article_published_time":"2025-02-18T20:24:22+00:00","article_modified_time":"2025-02-18T20:27:37+00:00","og_image":[{"width":1280,"height":720,"url":"https:\/\/wascovilla.pl\/wp-content\/uploads\/2025\/02\/Dom-szkieletowy.jpg","type":"image\/jpeg"}],"author":"Redaktor Portalu","twitter_card":"summary_large_image","twitter_misc":{"Verfasst von":"Redaktor Portalu","Gesch\u00e4tzte Lesezeit":"4\u00a0Minuten"},"schema":{"@context":"https:\/\/schema.org","@graph":[{"@type":"Article","@id":"https:\/\/wascovilla.pl\/dom-szkieletowy-z-poddaszem-uzytkowym-czy-parterowy\/#article","isPartOf":{"@id":"https:\/\/wascovilla.pl\/dom-szkieletowy-z-poddaszem-uzytkowym-czy-parterowy\/"},"author":{"name":"Redaktor Portalu","@id":"https:\/\/wascovilla.pl\/#\/schema\/person\/b869498cc6b323877b44ba75485eb88d"},"headline":"Dom szkieletowy z poddaszem u\u017cytkowym czy parterowy?","datePublished":"2025-02-18T20:24:22+00:00","dateModified":"2025-02-18T20:27:37+00:00","mainEntityOfPage":{"@id":"https:\/\/wascovilla.pl\/dom-szkieletowy-z-poddaszem-uzytkowym-czy-parterowy\/"},"wordCount":709,"publisher":{"@id":"https:\/\/wascovilla.pl\/#organization"},"image":{"@id":"https:\/\/wascovilla.pl\/dom-szkieletowy-z-poddaszem-uzytkowym-czy-parterowy\/#primaryimage"},"thumbnailUrl":"https:\/\/wascovilla.pl\/wp-content\/uploads\/2025\/02\/Dom-szkieletowy.jpg","keywords":["budowa domu","dom modu\u0142owy","dom szkieletowy"],"articleSection":["blog"],"inLanguage":"de"},{"@type":"WebPage","@id":"https:\/\/wascovilla.pl\/dom-szkieletowy-z-poddaszem-uzytkowym-czy-parterowy\/","url":"https:\/\/wascovilla.pl\/dom-szkieletowy-z-poddaszem-uzytkowym-czy-parterowy\/","name":"Welches Holzrahmenhaus soll es sein - mit Dachgeschoss oder eingeschossig?","isPartOf":{"@id":"https:\/\/wascovilla.pl\/#website"},"primaryImageOfPage":{"@id":"https:\/\/wascovilla.pl\/dom-szkieletowy-z-poddaszem-uzytkowym-czy-parterowy\/#primaryimage"},"image":{"@id":"https:\/\/wascovilla.pl\/dom-szkieletowy-z-poddaszem-uzytkowym-czy-parterowy\/#primaryimage"},"thumbnailUrl":"https:\/\/wascovilla.pl\/wp-content\/uploads\/2025\/02\/Dom-szkieletowy.jpg","datePublished":"2025-02-18T20:24:22+00:00","dateModified":"2025-02-18T20:27:37+00:00","description":"Sie fragen sich, welches Holzrahmenhaus die beste Wahl ist? Informieren Sie sich \u00fcber alle Optionen, bevor Sie Ihre Wahl treffen!","breadcrumb":{"@id":"https:\/\/wascovilla.pl\/dom-szkieletowy-z-poddaszem-uzytkowym-czy-parterowy\/#breadcrumb"},"inLanguage":"de","potentialAction":[{"@type":"ReadAction","target":["https:\/\/wascovilla.pl\/dom-szkieletowy-z-poddaszem-uzytkowym-czy-parterowy\/"]}]},{"@type":"ImageObject","inLanguage":"de","@id":"https:\/\/wascovilla.pl\/dom-szkieletowy-z-poddaszem-uzytkowym-czy-parterowy\/#primaryimage","url":"https:\/\/wascovilla.pl\/wp-content\/uploads\/2025\/02\/Dom-szkieletowy.jpg","contentUrl":"https:\/\/wascovilla.pl\/wp-content\/uploads\/2025\/02\/Dom-szkieletowy.jpg","width":1280,"height":720,"caption":"Dom szkieletowy"},{"@type":"BreadcrumbList","@id":"https:\/\/wascovilla.pl\/dom-szkieletowy-z-poddaszem-uzytkowym-czy-parterowy\/#breadcrumb","itemListElement":[{"@type":"ListItem","position":1,"name":"Strona g\u0142\u00f3wna","item":"https:\/\/wascovilla.pl\/"},{"@type":"ListItem","position":2,"name":"Dom szkieletowy z poddaszem u\u017cytkowym czy parterowy?"}]},{"@type":"WebSite","@id":"https:\/\/wascovilla.pl\/#website","url":"https:\/\/wascovilla.pl\/","name":"WascoVilla | Hersteller von Holzh\u00e4usern | Wohnh\u00e4user, moderne, modulare, Ferienh\u00e4user, Dachst\u00fchle, Isolierung","description":"","publisher":{"@id":"https:\/\/wascovilla.pl\/#organization"},"potentialAction":[{"@type":"SearchAction","target":{"@type":"EntryPoint","urlTemplate":"https:\/\/wascovilla.pl\/?s={search_term_string}"},"query-input":{"@type":"PropertyValueSpecification","valueRequired":true,"valueName":"search_term_string"}}],"inLanguage":"de"},{"@type":"Organization","@id":"https:\/\/wascovilla.pl\/#organization","name":"WascoVilla | Hersteller von Holzh\u00e4usern | Wohnh\u00e4user, moderne, modulare, Ferienh\u00e4user, Dachst\u00fchle, Isolierung","url":"https:\/\/wascovilla.pl\/","logo":{"@type":"ImageObject","inLanguage":"de","@id":"https:\/\/wascovilla.pl\/#\/schema\/logo\/image\/","url":"https:\/\/wascovilla.pl\/wp-content\/uploads\/2024\/06\/logo.jpg","contentUrl":"https:\/\/wascovilla.pl\/wp-content\/uploads\/2024\/06\/logo.jpg","width":282,"height":119,"caption":"WascoVilla | Producent dom\u00f3w z drewna | Domy mieszkalne, nowoczesne, modu\u0142owe, domki letniskowe, wi\u0105zary dachowe, izolacje"},"image":{"@id":"https:\/\/wascovilla.pl\/#\/schema\/logo\/image\/"}},{"@type":"Person","@id":"https:\/\/wascovilla.pl\/#\/schema\/person\/b869498cc6b323877b44ba75485eb88d","name":"Portal-Editor","image":{"@type":"ImageObject","inLanguage":"de","@id":"https:\/\/wascovilla.pl\/#\/schema\/person\/image\/","url":"https:\/\/secure.gravatar.com\/avatar\/77d09e67d41fe0e53135246444a453ea4057bb207ca08dd279e107c4329b143d?s=96&d=mm&r=g","contentUrl":"https:\/\/secure.gravatar.com\/avatar\/77d09e67d41fe0e53135246444a453ea4057bb207ca08dd279e107c4329b143d?s=96&d=mm&r=g","caption":"Redaktor Portalu"},"url":"https:\/\/wascovilla.pl\/de\/author\/dominika\/"}]}},"_links":{"self":[{"href":"https:\/\/wascovilla.pl\/de\/wp-json\/wp\/v2\/posts\/3886","targetHints":{"allow":["GET"]}}],"collection":[{"href":"https:\/\/wascovilla.pl\/de\/wp-json\/wp\/v2\/posts"}],"about":[{"href":"https:\/\/wascovilla.pl\/de\/wp-json\/wp\/v2\/types\/post"}],"author":[{"embeddable":true,"href":"https:\/\/wascovilla.pl\/de\/wp-json\/wp\/v2\/users\/5"}],"replies":[{"embeddable":true,"href":"https:\/\/wascovilla.pl\/de\/wp-json\/wp\/v2\/comments?post=3886"}],"version-history":[{"count":2,"href":"https:\/\/wascovilla.pl\/de\/wp-json\/wp\/v2\/posts\/3886\/revisions"}],"predecessor-version":[{"id":3891,"href":"https:\/\/wascovilla.pl\/de\/wp-json\/wp\/v2\/posts\/3886\/revisions\/3891"}],"wp:featuredmedia":[{"embeddable":true,"href":"https:\/\/wascovilla.pl\/de\/wp-json\/wp\/v2\/media\/3887"}],"wp:attachment":[{"href":"https:\/\/wascovilla.pl\/de\/wp-json\/wp\/v2\/media?parent=3886"}],"wp:term":[{"taxonomy":"category","embeddable":true,"href":"https:\/\/wascovilla.pl\/de\/wp-json\/wp\/v2\/categories?post=3886"},{"taxonomy":"post_tag","embeddable":true,"href":"https:\/\/wascovilla.pl\/de\/wp-json\/wp\/v2\/tags?post=3886"}],"curies":[{"name":"wp","href":"https:\/\/api.w.org\/{rel}","templated":true}]}}