{"id":3607,"date":"2024-12-18T14:24:39","date_gmt":"2024-12-18T14:24:39","guid":{"rendered":"https:\/\/wascovilla.pl\/?p=3607"},"modified":"2024-12-18T14:24:40","modified_gmt":"2024-12-18T14:24:40","slug":"dune-modulares-haus-kompakte-harmonie-von-raum-und-funktionalitat","status":"publish","type":"post","link":"https:\/\/wascovilla.pl\/de\/dune-modulares-haus-kompakte-harmonie-von-raum-und-funktionalitat\/","title":{"rendered":"Modulhaus Dune - kompakte Harmonie von Raum und Funktionalit\u00e4t"},"content":{"rendered":"<p>Sie suchen ein Haus, das durchdachte Funktionalit\u00e4t, \u00e4sthetisches Design und Komfort vereint? Treffen Sie Wydma - <strong>modulares Haus<\/strong> konzipiert f\u00fcr Familien, die einen idealen Raum zum Wohnen, Entspannen und f\u00fcr die t\u00e4glichen Aktivit\u00e4ten suchen. Diese <a href=\"https:\/\/wascovilla.pl\/de\/hauser\/dune\/\" target=\"_blank\" rel=\"noreferrer noopener\">ein Zuhause f\u00fcr die Familie<\/a> ist der Inbegriff von Schlichtheit und Komfort und wurde so konzipiert, dass jeder Meter Raum optimal genutzt werden kann.<\/p>\n\n\n\n<h2 class=\"wp-block-heading\"><strong>Kompakte Abmessungen, maximaler Komfort<\/strong><\/h2>\n\n\n\n<p>Auf weniger als 80 m\u00b2 Wohnfl\u00e4che bietet das Projekt Wydma das, was den Hausbesitzern am wichtigsten ist: ein ger\u00e4umiges Wohnzimmer, das mit der K\u00fcche verbunden ist, zwei komfortable Schlafzimmer, ein funktionelles Badezimmer, einen Technikraum und einen praktischen Vorraum mit Platz f\u00fcr einen ger\u00e4umigen Kleiderschrank. Ein zus\u00e4tzlicher Vorteil ist <strong>Carport<\/strong> befindet sich an einer der Giebelw\u00e4nde, unter einem gemeinsamen Dach mit dem Geb\u00e4ude. Er kann direkt vom Haus aus betreten werden.<\/p>\n\n\n\n<p><strong>Modulhaus Dune<\/strong> zeichnet sich durch seine klare Raumaufteilung und die harmonische Aufteilung des Geb\u00e4udes in Wohn- und Privatbereich aus. W <strong>Wascovilla <\/strong>Mit dem Schwerpunkt auf Funktionalit\u00e4t bieten wir eine L\u00f6sung, die sowohl einen Raum f\u00fcr gemeinsame Aktivit\u00e4ten als auch einen Ort zum Entspannen in einer intimeren Atmosph\u00e4re bietet.<\/p>\n\n\n\n<h2 class=\"wp-block-heading\"><strong>Modulares Haus mit intelligenter Raumaufteilung<\/strong><\/h2>\n\n\n\n<p>Wenn Sie das Haus durch die Hauptt\u00fcr betreten, befinden Sie sich im Vorraum, in dem eine gro\u00dfe Garderobe f\u00fcr Jacken, M\u00e4ntel und Schuhe untergebracht ist. Diese praktische L\u00f6sung sorgt f\u00fcr Ordnung im ganzen Haus und verhindert, dass Schmutz weiter in die Wohnr\u00e4ume getragen wird.<\/p>\n\n\n\n<p>Vom Vestib\u00fcl aus f\u00fchrt ein Korridor zu:<\/p>\n\n\n\n<ul class=\"wp-block-list\">\n<li><strong>B\u00e4der<\/strong> - ger\u00e4umig, mit einem Fenster f\u00fcr nat\u00fcrliches Licht und Bel\u00fcftung. Dies ist der perfekte Ort f\u00fcr ein entspannendes Bad nach einem langen Tag.<\/li>\n\n\n\n<li><strong>Technische R\u00e4ume<\/strong>welche Funktionen <strong>W\u00e4scherei<\/strong>Der Technikraum bietet Platz f\u00fcr einen Heizkessel oder eine W\u00e4rmepumpe sowie Stauraum f\u00fcr zus\u00e4tzliche Ger\u00e4te. Der Technikraum kann direkt unter dem Carport betreten werden, was z. B. den Transport von schweren Gegenst\u00e4nden aus dem Auto erheblich erleichtert.<\/li>\n\n\n\n<li><strong>Zwei Schlafzimmer<\/strong> - Das gr\u00f6\u00dfere eignet sich gut als Elternschlafzimmer, w\u00e4hrend das kleinere als Kinderzimmer, Arbeitszimmer oder G\u00e4stezimmer genutzt werden kann.<\/li>\n<\/ul>\n\n\n\n<p>Der Wohnbereich l\u00e4dt zum gem\u00fctlichen Beisammensein ein. <strong>Wohnzimmer mit Kochnische und Essbereich <\/strong>wurde mit Blick auf Raum und nat\u00fcrliches Licht entworfen. Das Panoramafenster im Esszimmer sorgt nicht nur f\u00fcr eine hervorragende Belichtung des Innenraums, sondern gibt auch den Blick auf den Garten frei. Es ist der ideale Platz f\u00fcr einen Tisch, um die Mahlzeiten gemeinsam mit der Familie zu genie\u00dfen. Die Terrassent\u00fcren des Wohnzimmers f\u00fchren nach drau\u00dfen. Dieser Raum ist ideal, um eine gem\u00fctliche Entspannungszone in unmittelbarer N\u00e4he des Hauses einzurichten. <strong>Wydma Modulhaus<\/strong> (Ein auf unserer Website verf\u00fcgbares Video zeigt eine M\u00f6glichkeit, diesen Raum in eine angenehme Terrasse zu verwandeln).<\/p>\n\n\n\n<h2 class=\"wp-block-heading\"><strong>Helle Innenr\u00e4ume, gem\u00fctliche Atmosph\u00e4re<\/strong><\/h2>\n\n\n\n<p>In jedem Zimmer, mit Ausnahme des Korridors, gibt es <strong>gro\u00dfe Fenster<\/strong>die nat\u00fcrliches Licht in den Innenraum lassen. Aber auch der Flur profitiert, obwohl er kein eigenes Fenster hat, durch die Verbindung zum hellen Wohnbereich von Licht. Eine L\u00f6sung, die das <strong>Startseite <\/strong>ist nicht nur funktional, sondern auch gem\u00fctlich, hell und praktisch.<\/p>\n\n\n\n<h2 class=\"wp-block-heading\"><strong>Ein Raum, der f\u00fcr Ihren Komfort arbeitet<\/strong><\/h2>\n\n\n\n<p>Einer der gr\u00f6\u00dften Vorteile von Wydma ist der bereits erw\u00e4hnte Carport, der sich an der Seite des Hauses befindet. Dies ist die perfekte L\u00f6sung f\u00fcr alle, die Wert auf Bequemlichkeit legen. Die M\u00f6glichkeit, das Haus durch die Seitent\u00fcr direkt vom Carport aus zu betreten, bedeutet mehr Komfort an regnerischen Tagen oder beim Tragen von Eink\u00e4ufen. Ein praktischer Ansatz, der sich im Alltag bezahlt macht. Der Schuppen kann auch andere Funktionen erf\u00fcllen als <strong>Parkm\u00f6glichkeit<\/strong>. Sie erm\u00f6glicht es Ihnen, bei schlechtem Wetter Zeit im Freien zu verbringen und spendet au\u00dferdem Schatten, was an hei\u00dfen Tagen sehr wertvoll ist.<\/p>\n\n\n\n<h2 class=\"wp-block-heading\"><strong>D\u00fcne - <\/strong><strong>modulares Haus<\/strong><strong> ideal f\u00fcr unterschiedliche Bed\u00fcrfnisse<\/strong><\/h2>\n\n\n\n<p>Die D\u00fcne ist <a href=\"https:\/\/wascovilla.pl\/de\/hauser\/dune\/\"><strong>Fachwerkhaus<\/strong><\/a>das modernen Minimalismus mit klassischem Charme verbindet. Die Dachschr\u00e4ge verleiht ihm Charakter, und die harmonische Integration des Carports l\u00e4sst das Geb\u00e4ude \u00e4sthetisch ansprechend und koh\u00e4rent erscheinen. Damit passt der Wydma sowohl in l\u00e4ndliche Landschaften als auch in modernere Siedlungen perfekt hinein.&nbsp;<\/p>\n\n\n\n<p>Obwohl das Haus f\u00fcr 2+1 Familien konzipiert wurde, eignet es sich auch gut f\u00fcr <strong>Familien mit zwei Kindern<\/strong>. Die Aufteilung des Innenraums in zwei Zonen erm\u00f6glicht eine klare Trennung von Gemeinschafts- und Privatbereich. Dies wird vor allem von Menschen gesch\u00e4tzt, die einen Ort brauchen, an dem sie sich zu Hause entspannen und gleichzeitig arbeiten k\u00f6nnen. Eine gut durchdachte Raumaufteilung, die M\u00f6glichkeit der Anpassung der R\u00e4ume und praktische L\u00f6sungen sorgen daf\u00fcr, dass dieses Haus auch den Erwartungen der anspruchsvollsten Nutzer gerecht wird. Wenn Sie auf der Suche nach einem Haus sind, das Funktionalit\u00e4t, \u00c4sthetik und Komfort vereint - das <a href=\"https:\/\/wascovilla.pl\/de\/#kontakt\">kontaktieren Sie uns<\/a> und erfahren Sie mehr \u00fcber <strong>modulares Hausprojekt<\/strong> <strong>D\u00fcne<\/strong>!<\/p>\n\n\n\n<p><\/p>","protected":false},"excerpt":{"rendered":"<p>Sie suchen ein Haus, das durchdachte Funktionalit\u00e4t, \u00e4sthetisches Design und Komfort vereint? Lernen Sie Wydma kennen, ein modulares Haus f\u00fcr Familien, die den perfekten Raum zum Wohnen, Entspannen und f\u00fcr die t\u00e4glichen Aktivit\u00e4ten suchen. Dieses Haus f\u00fcr Familien ist der Inbegriff von Schlichtheit und Komfort, das so konzipiert ist, dass jeder Meter Raum optimal genutzt werden kann. Kompakte Abmessungen, maximaler Komfort Auf [...]<\/p>","protected":false},"author":5,"featured_media":3609,"comment_status":"closed","ping_status":"closed","sticky":false,"template":"","format":"standard","meta":{"_acf_changed":false,"footnotes":""},"categories":[42],"tags":[72,66,70,84],"class_list":["post-3607","post","type-post","status-publish","format-standard","has-post-thumbnail","hentry","category-blog","tag-dom-dla-rodziny","tag-dom-modulowy","tag-dom-rodzinny","tag-wydma"],"acf":[],"yoast_head":"<!-- This site is optimized with the Yoast SEO plugin v26.7 - https:\/\/yoast.com\/wordpress\/plugins\/seo\/ -->\n<title>Dom modu\u0142owy Wydma \u2013 funkcjonalno\u015b\u0107 i komfort na 80 m\u00b2<\/title>\n<meta name=\"description\" content=\"Poznaj Wydm\u0119 \u2013 dom modu\u0142owy, \u0142\u0105cz\u0105cy nowoczesny design, praktyczny uk\u0142ad i przytuln\u0105 atmosfer\u0119. Dla rodzin ceni\u0105cych przestrze\u0144 i wygod\u0119!\" \/>\n<meta name=\"robots\" content=\"index, follow, max-snippet:-1, max-image-preview:large, max-video-preview:-1\" \/>\n<link rel=\"canonical\" href=\"https:\/\/wascovilla.pl\/de\/dune-modulares-haus-kompakte-harmonie-von-raum-und-funktionalitat\/\" \/>\n<meta property=\"og:locale\" content=\"de_DE\" \/>\n<meta property=\"og:type\" content=\"article\" \/>\n<meta property=\"og:title\" content=\"Dom modu\u0142owy Wydma \u2013 funkcjonalno\u015b\u0107 i komfort na 80 m\u00b2\" \/>\n<meta property=\"og:description\" content=\"Poznaj Wydm\u0119 \u2013 dom modu\u0142owy, \u0142\u0105cz\u0105cy nowoczesny design, praktyczny uk\u0142ad i przytuln\u0105 atmosfer\u0119. Dla rodzin ceni\u0105cych przestrze\u0144 i wygod\u0119!\" \/>\n<meta property=\"og:url\" content=\"https:\/\/wascovilla.pl\/de\/dune-modulares-haus-kompakte-harmonie-von-raum-und-funktionalitat\/\" \/>\n<meta property=\"og:site_name\" content=\"WascoVilla | Producent dom\u00f3w z drewna | Domy mieszkalne, nowoczesne, modu\u0142owe, domki letniskowe, wi\u0105zary dachowe, izolacje\" \/>\n<meta property=\"article:published_time\" content=\"2024-12-18T14:24:39+00:00\" \/>\n<meta property=\"article:modified_time\" content=\"2024-12-18T14:24:40+00:00\" \/>\n<meta property=\"og:image\" content=\"https:\/\/wascovilla.pl\/wp-content\/uploads\/2024\/12\/dom-modulowy-1.jpg\" \/>\n\t<meta property=\"og:image:width\" content=\"1600\" \/>\n\t<meta property=\"og:image:height\" content=\"1067\" \/>\n\t<meta property=\"og:image:type\" content=\"image\/jpeg\" \/>\n<meta name=\"author\" content=\"Redaktor Portalu\" \/>\n<meta name=\"twitter:card\" content=\"summary_large_image\" \/>\n<meta name=\"twitter:label1\" content=\"Verfasst von\" \/>\n\t<meta name=\"twitter:data1\" content=\"Redaktor Portalu\" \/>\n\t<meta name=\"twitter:label2\" content=\"Gesch\u00e4tzte Lesezeit\" \/>\n\t<meta name=\"twitter:data2\" content=\"5\u00a0Minuten\" \/>\n<script type=\"application\/ld+json\" class=\"yoast-schema-graph\">{\"@context\":\"https:\/\/schema.org\",\"@graph\":[{\"@type\":\"Article\",\"@id\":\"https:\/\/wascovilla.pl\/dom-modulowy-wydma-kompaktowa-harmonia-przestrzeni-i-funkcjonalnosci\/#article\",\"isPartOf\":{\"@id\":\"https:\/\/wascovilla.pl\/dom-modulowy-wydma-kompaktowa-harmonia-przestrzeni-i-funkcjonalnosci\/\"},\"author\":{\"name\":\"Redaktor Portalu\",\"@id\":\"https:\/\/wascovilla.pl\/#\/schema\/person\/b869498cc6b323877b44ba75485eb88d\"},\"headline\":\"Dom modu\u0142owy Wydma \u2013 kompaktowa harmonia przestrzeni i funkcjonalno\u015bci\",\"datePublished\":\"2024-12-18T14:24:39+00:00\",\"dateModified\":\"2024-12-18T14:24:40+00:00\",\"mainEntityOfPage\":{\"@id\":\"https:\/\/wascovilla.pl\/dom-modulowy-wydma-kompaktowa-harmonia-przestrzeni-i-funkcjonalnosci\/\"},\"wordCount\":803,\"publisher\":{\"@id\":\"https:\/\/wascovilla.pl\/#organization\"},\"image\":{\"@id\":\"https:\/\/wascovilla.pl\/dom-modulowy-wydma-kompaktowa-harmonia-przestrzeni-i-funkcjonalnosci\/#primaryimage\"},\"thumbnailUrl\":\"https:\/\/wascovilla.pl\/wp-content\/uploads\/2024\/12\/dom-modulowy-1.jpg\",\"keywords\":[\"dom dla rodziny\",\"dom modu\u0142owy\",\"dom rodzinny\",\"Wydma\"],\"articleSection\":[\"blog\"],\"inLanguage\":\"de\"},{\"@type\":\"WebPage\",\"@id\":\"https:\/\/wascovilla.pl\/dom-modulowy-wydma-kompaktowa-harmonia-przestrzeni-i-funkcjonalnosci\/\",\"url\":\"https:\/\/wascovilla.pl\/dom-modulowy-wydma-kompaktowa-harmonia-przestrzeni-i-funkcjonalnosci\/\",\"name\":\"Dom modu\u0142owy Wydma \u2013 funkcjonalno\u015b\u0107 i komfort na 80 m\u00b2\",\"isPartOf\":{\"@id\":\"https:\/\/wascovilla.pl\/#website\"},\"primaryImageOfPage\":{\"@id\":\"https:\/\/wascovilla.pl\/dom-modulowy-wydma-kompaktowa-harmonia-przestrzeni-i-funkcjonalnosci\/#primaryimage\"},\"image\":{\"@id\":\"https:\/\/wascovilla.pl\/dom-modulowy-wydma-kompaktowa-harmonia-przestrzeni-i-funkcjonalnosci\/#primaryimage\"},\"thumbnailUrl\":\"https:\/\/wascovilla.pl\/wp-content\/uploads\/2024\/12\/dom-modulowy-1.jpg\",\"datePublished\":\"2024-12-18T14:24:39+00:00\",\"dateModified\":\"2024-12-18T14:24:40+00:00\",\"description\":\"Poznaj Wydm\u0119 \u2013 dom modu\u0142owy, \u0142\u0105cz\u0105cy nowoczesny design, praktyczny uk\u0142ad i przytuln\u0105 atmosfer\u0119. Dla rodzin ceni\u0105cych przestrze\u0144 i wygod\u0119!\",\"breadcrumb\":{\"@id\":\"https:\/\/wascovilla.pl\/dom-modulowy-wydma-kompaktowa-harmonia-przestrzeni-i-funkcjonalnosci\/#breadcrumb\"},\"inLanguage\":\"de\",\"potentialAction\":[{\"@type\":\"ReadAction\",\"target\":[\"https:\/\/wascovilla.pl\/dom-modulowy-wydma-kompaktowa-harmonia-przestrzeni-i-funkcjonalnosci\/\"]}]},{\"@type\":\"ImageObject\",\"inLanguage\":\"de\",\"@id\":\"https:\/\/wascovilla.pl\/dom-modulowy-wydma-kompaktowa-harmonia-przestrzeni-i-funkcjonalnosci\/#primaryimage\",\"url\":\"https:\/\/wascovilla.pl\/wp-content\/uploads\/2024\/12\/dom-modulowy-1.jpg\",\"contentUrl\":\"https:\/\/wascovilla.pl\/wp-content\/uploads\/2024\/12\/dom-modulowy-1.jpg\",\"width\":1600,\"height\":1067,\"caption\":\"dom modu\u0142owy\"},{\"@type\":\"BreadcrumbList\",\"@id\":\"https:\/\/wascovilla.pl\/dom-modulowy-wydma-kompaktowa-harmonia-przestrzeni-i-funkcjonalnosci\/#breadcrumb\",\"itemListElement\":[{\"@type\":\"ListItem\",\"position\":1,\"name\":\"Strona g\u0142\u00f3wna\",\"item\":\"https:\/\/wascovilla.pl\/\"},{\"@type\":\"ListItem\",\"position\":2,\"name\":\"Dom modu\u0142owy Wydma \u2013 kompaktowa harmonia przestrzeni i funkcjonalno\u015bci\"}]},{\"@type\":\"WebSite\",\"@id\":\"https:\/\/wascovilla.pl\/#website\",\"url\":\"https:\/\/wascovilla.pl\/\",\"name\":\"WascoVilla | Producent dom\u00f3w z drewna | Domy mieszkalne, nowoczesne, modu\u0142owe, domki letniskowe, wi\u0105zary dachowe, izolacje\",\"description\":\"\",\"publisher\":{\"@id\":\"https:\/\/wascovilla.pl\/#organization\"},\"potentialAction\":[{\"@type\":\"SearchAction\",\"target\":{\"@type\":\"EntryPoint\",\"urlTemplate\":\"https:\/\/wascovilla.pl\/?s={search_term_string}\"},\"query-input\":{\"@type\":\"PropertyValueSpecification\",\"valueRequired\":true,\"valueName\":\"search_term_string\"}}],\"inLanguage\":\"de\"},{\"@type\":\"Organization\",\"@id\":\"https:\/\/wascovilla.pl\/#organization\",\"name\":\"WascoVilla | Producent dom\u00f3w z drewna | Domy mieszkalne, nowoczesne, modu\u0142owe, domki letniskowe, wi\u0105zary dachowe, izolacje\",\"url\":\"https:\/\/wascovilla.pl\/\",\"logo\":{\"@type\":\"ImageObject\",\"inLanguage\":\"de\",\"@id\":\"https:\/\/wascovilla.pl\/#\/schema\/logo\/image\/\",\"url\":\"https:\/\/wascovilla.pl\/wp-content\/uploads\/2024\/06\/logo.jpg\",\"contentUrl\":\"https:\/\/wascovilla.pl\/wp-content\/uploads\/2024\/06\/logo.jpg\",\"width\":282,\"height\":119,\"caption\":\"WascoVilla | Producent dom\u00f3w z drewna | Domy mieszkalne, nowoczesne, modu\u0142owe, domki letniskowe, wi\u0105zary dachowe, izolacje\"},\"image\":{\"@id\":\"https:\/\/wascovilla.pl\/#\/schema\/logo\/image\/\"}},{\"@type\":\"Person\",\"@id\":\"https:\/\/wascovilla.pl\/#\/schema\/person\/b869498cc6b323877b44ba75485eb88d\",\"name\":\"Redaktor Portalu\",\"image\":{\"@type\":\"ImageObject\",\"inLanguage\":\"de\",\"@id\":\"https:\/\/wascovilla.pl\/#\/schema\/person\/image\/\",\"url\":\"https:\/\/secure.gravatar.com\/avatar\/77d09e67d41fe0e53135246444a453ea4057bb207ca08dd279e107c4329b143d?s=96&d=mm&r=g\",\"contentUrl\":\"https:\/\/secure.gravatar.com\/avatar\/77d09e67d41fe0e53135246444a453ea4057bb207ca08dd279e107c4329b143d?s=96&d=mm&r=g\",\"caption\":\"Redaktor Portalu\"},\"url\":\"https:\/\/wascovilla.pl\/de\/author\/dominika\/\"}]}<\/script>\n<!-- \/ Yoast SEO plugin. -->","yoast_head_json":{"title":"Das Wydma-Modulhaus - Funktionalit\u00e4t und Komfort auf 80 m\u00b2","description":"Lernen Sie Wydma kennen - ein modulares Haus, das modernes Design, praktische Aufteilung und eine gem\u00fctliche Atmosph\u00e4re vereint. F\u00fcr Familien, die Platz und Komfort sch\u00e4tzen!","robots":{"index":"index","follow":"follow","max-snippet":"max-snippet:-1","max-image-preview":"max-image-preview:large","max-video-preview":"max-video-preview:-1"},"canonical":"https:\/\/wascovilla.pl\/de\/dune-modulares-haus-kompakte-harmonie-von-raum-und-funktionalitat\/","og_locale":"de_DE","og_type":"article","og_title":"Dom modu\u0142owy Wydma \u2013 funkcjonalno\u015b\u0107 i komfort na 80 m\u00b2","og_description":"Poznaj Wydm\u0119 \u2013 dom modu\u0142owy, \u0142\u0105cz\u0105cy nowoczesny design, praktyczny uk\u0142ad i przytuln\u0105 atmosfer\u0119. Dla rodzin ceni\u0105cych przestrze\u0144 i wygod\u0119!","og_url":"https:\/\/wascovilla.pl\/de\/dune-modulares-haus-kompakte-harmonie-von-raum-und-funktionalitat\/","og_site_name":"WascoVilla | Producent dom\u00f3w z drewna | Domy mieszkalne, nowoczesne, modu\u0142owe, domki letniskowe, wi\u0105zary dachowe, izolacje","article_published_time":"2024-12-18T14:24:39+00:00","article_modified_time":"2024-12-18T14:24:40+00:00","og_image":[{"width":1600,"height":1067,"url":"https:\/\/wascovilla.pl\/wp-content\/uploads\/2024\/12\/dom-modulowy-1.jpg","type":"image\/jpeg"}],"author":"Redaktor Portalu","twitter_card":"summary_large_image","twitter_misc":{"Verfasst von":"Redaktor Portalu","Gesch\u00e4tzte Lesezeit":"5\u00a0Minuten"},"schema":{"@context":"https:\/\/schema.org","@graph":[{"@type":"Article","@id":"https:\/\/wascovilla.pl\/dom-modulowy-wydma-kompaktowa-harmonia-przestrzeni-i-funkcjonalnosci\/#article","isPartOf":{"@id":"https:\/\/wascovilla.pl\/dom-modulowy-wydma-kompaktowa-harmonia-przestrzeni-i-funkcjonalnosci\/"},"author":{"name":"Redaktor Portalu","@id":"https:\/\/wascovilla.pl\/#\/schema\/person\/b869498cc6b323877b44ba75485eb88d"},"headline":"Dom modu\u0142owy Wydma \u2013 kompaktowa harmonia przestrzeni i funkcjonalno\u015bci","datePublished":"2024-12-18T14:24:39+00:00","dateModified":"2024-12-18T14:24:40+00:00","mainEntityOfPage":{"@id":"https:\/\/wascovilla.pl\/dom-modulowy-wydma-kompaktowa-harmonia-przestrzeni-i-funkcjonalnosci\/"},"wordCount":803,"publisher":{"@id":"https:\/\/wascovilla.pl\/#organization"},"image":{"@id":"https:\/\/wascovilla.pl\/dom-modulowy-wydma-kompaktowa-harmonia-przestrzeni-i-funkcjonalnosci\/#primaryimage"},"thumbnailUrl":"https:\/\/wascovilla.pl\/wp-content\/uploads\/2024\/12\/dom-modulowy-1.jpg","keywords":["dom dla rodziny","dom modu\u0142owy","dom rodzinny","Wydma"],"articleSection":["blog"],"inLanguage":"de"},{"@type":"WebPage","@id":"https:\/\/wascovilla.pl\/dom-modulowy-wydma-kompaktowa-harmonia-przestrzeni-i-funkcjonalnosci\/","url":"https:\/\/wascovilla.pl\/dom-modulowy-wydma-kompaktowa-harmonia-przestrzeni-i-funkcjonalnosci\/","name":"Das Wydma-Modulhaus - Funktionalit\u00e4t und Komfort auf 80 m\u00b2","isPartOf":{"@id":"https:\/\/wascovilla.pl\/#website"},"primaryImageOfPage":{"@id":"https:\/\/wascovilla.pl\/dom-modulowy-wydma-kompaktowa-harmonia-przestrzeni-i-funkcjonalnosci\/#primaryimage"},"image":{"@id":"https:\/\/wascovilla.pl\/dom-modulowy-wydma-kompaktowa-harmonia-przestrzeni-i-funkcjonalnosci\/#primaryimage"},"thumbnailUrl":"https:\/\/wascovilla.pl\/wp-content\/uploads\/2024\/12\/dom-modulowy-1.jpg","datePublished":"2024-12-18T14:24:39+00:00","dateModified":"2024-12-18T14:24:40+00:00","description":"Lernen Sie Wydma kennen - ein modulares Haus, das modernes Design, praktische Aufteilung und eine gem\u00fctliche Atmosph\u00e4re vereint. F\u00fcr Familien, die Platz und Komfort sch\u00e4tzen!","breadcrumb":{"@id":"https:\/\/wascovilla.pl\/dom-modulowy-wydma-kompaktowa-harmonia-przestrzeni-i-funkcjonalnosci\/#breadcrumb"},"inLanguage":"de","potentialAction":[{"@type":"ReadAction","target":["https:\/\/wascovilla.pl\/dom-modulowy-wydma-kompaktowa-harmonia-przestrzeni-i-funkcjonalnosci\/"]}]},{"@type":"ImageObject","inLanguage":"de","@id":"https:\/\/wascovilla.pl\/dom-modulowy-wydma-kompaktowa-harmonia-przestrzeni-i-funkcjonalnosci\/#primaryimage","url":"https:\/\/wascovilla.pl\/wp-content\/uploads\/2024\/12\/dom-modulowy-1.jpg","contentUrl":"https:\/\/wascovilla.pl\/wp-content\/uploads\/2024\/12\/dom-modulowy-1.jpg","width":1600,"height":1067,"caption":"dom modu\u0142owy"},{"@type":"BreadcrumbList","@id":"https:\/\/wascovilla.pl\/dom-modulowy-wydma-kompaktowa-harmonia-przestrzeni-i-funkcjonalnosci\/#breadcrumb","itemListElement":[{"@type":"ListItem","position":1,"name":"Strona g\u0142\u00f3wna","item":"https:\/\/wascovilla.pl\/"},{"@type":"ListItem","position":2,"name":"Dom modu\u0142owy Wydma \u2013 kompaktowa harmonia przestrzeni i funkcjonalno\u015bci"}]},{"@type":"WebSite","@id":"https:\/\/wascovilla.pl\/#website","url":"https:\/\/wascovilla.pl\/","name":"WascoVilla | Hersteller von Holzh\u00e4usern | Wohnh\u00e4user, moderne, modulare, Ferienh\u00e4user, Dachst\u00fchle, Isolierung","description":"","publisher":{"@id":"https:\/\/wascovilla.pl\/#organization"},"potentialAction":[{"@type":"SearchAction","target":{"@type":"EntryPoint","urlTemplate":"https:\/\/wascovilla.pl\/?s={search_term_string}"},"query-input":{"@type":"PropertyValueSpecification","valueRequired":true,"valueName":"search_term_string"}}],"inLanguage":"de"},{"@type":"Organization","@id":"https:\/\/wascovilla.pl\/#organization","name":"WascoVilla | Hersteller von Holzh\u00e4usern | Wohnh\u00e4user, moderne, modulare, Ferienh\u00e4user, Dachst\u00fchle, Isolierung","url":"https:\/\/wascovilla.pl\/","logo":{"@type":"ImageObject","inLanguage":"de","@id":"https:\/\/wascovilla.pl\/#\/schema\/logo\/image\/","url":"https:\/\/wascovilla.pl\/wp-content\/uploads\/2024\/06\/logo.jpg","contentUrl":"https:\/\/wascovilla.pl\/wp-content\/uploads\/2024\/06\/logo.jpg","width":282,"height":119,"caption":"WascoVilla | Producent dom\u00f3w z drewna | Domy mieszkalne, nowoczesne, modu\u0142owe, domki letniskowe, wi\u0105zary dachowe, izolacje"},"image":{"@id":"https:\/\/wascovilla.pl\/#\/schema\/logo\/image\/"}},{"@type":"Person","@id":"https:\/\/wascovilla.pl\/#\/schema\/person\/b869498cc6b323877b44ba75485eb88d","name":"Portal-Editor","image":{"@type":"ImageObject","inLanguage":"de","@id":"https:\/\/wascovilla.pl\/#\/schema\/person\/image\/","url":"https:\/\/secure.gravatar.com\/avatar\/77d09e67d41fe0e53135246444a453ea4057bb207ca08dd279e107c4329b143d?s=96&d=mm&r=g","contentUrl":"https:\/\/secure.gravatar.com\/avatar\/77d09e67d41fe0e53135246444a453ea4057bb207ca08dd279e107c4329b143d?s=96&d=mm&r=g","caption":"Redaktor Portalu"},"url":"https:\/\/wascovilla.pl\/de\/author\/dominika\/"}]}},"_links":{"self":[{"href":"https:\/\/wascovilla.pl\/de\/wp-json\/wp\/v2\/posts\/3607","targetHints":{"allow":["GET"]}}],"collection":[{"href":"https:\/\/wascovilla.pl\/de\/wp-json\/wp\/v2\/posts"}],"about":[{"href":"https:\/\/wascovilla.pl\/de\/wp-json\/wp\/v2\/types\/post"}],"author":[{"embeddable":true,"href":"https:\/\/wascovilla.pl\/de\/wp-json\/wp\/v2\/users\/5"}],"replies":[{"embeddable":true,"href":"https:\/\/wascovilla.pl\/de\/wp-json\/wp\/v2\/comments?post=3607"}],"version-history":[{"count":2,"href":"https:\/\/wascovilla.pl\/de\/wp-json\/wp\/v2\/posts\/3607\/revisions"}],"predecessor-version":[{"id":3611,"href":"https:\/\/wascovilla.pl\/de\/wp-json\/wp\/v2\/posts\/3607\/revisions\/3611"}],"wp:featuredmedia":[{"embeddable":true,"href":"https:\/\/wascovilla.pl\/de\/wp-json\/wp\/v2\/media\/3609"}],"wp:attachment":[{"href":"https:\/\/wascovilla.pl\/de\/wp-json\/wp\/v2\/media?parent=3607"}],"wp:term":[{"taxonomy":"category","embeddable":true,"href":"https:\/\/wascovilla.pl\/de\/wp-json\/wp\/v2\/categories?post=3607"},{"taxonomy":"post_tag","embeddable":true,"href":"https:\/\/wascovilla.pl\/de\/wp-json\/wp\/v2\/tags?post=3607"}],"curies":[{"name":"wp","href":"https:\/\/api.w.org\/{rel}","templated":true}]}}