{"id":3294,"date":"2024-10-22T11:28:12","date_gmt":"2024-10-22T11:28:12","guid":{"rendered":"https:\/\/wascovilla.pl\/?p=3294"},"modified":"2024-10-22T11:28:13","modified_gmt":"2024-10-22T11:28:13","slug":"pearl-modulhaus-eine-zeitlose-losung-fur-eine-22-kopfige-familie","status":"publish","type":"post","link":"https:\/\/wascovilla.pl\/de\/pearl-modulhaus-eine-zeitlose-losung-fur-eine-22-kopfige-familie\/","title":{"rendered":"Das Pearl-Modulhaus - eine zeitlose L\u00f6sung f\u00fcr eine Familie mit 2+2 Personen"},"content":{"rendered":"<p>Das Pearl-Modulhaus ist <strong>funktionell, modern<\/strong> ein Geb\u00e4ude, das auf die Bed\u00fcrfnisse einer 2+2-Familie zugeschnitten ist. <strong>einst\u00f6ckiges Haus<\/strong> mit schr\u00e4gem Satteldach verbindet harmonisch \u00c4sthetik mit praktischen L\u00f6sungen und sorgt f\u00fcr Komfort im Alltag. Daher kann man sagen, dass Per\u0142a dank der Raumaufteilung und der gut durchdachten L\u00f6sungen ein idealer Vorschlag ist. Vor allem f\u00fcr diejenigen, die auf der Suche nach energieeffizienten, komfortablen und hellen Innenr\u00e4umen sind.<\/p>\n\n\n\n<h2 class=\"wp-block-heading\"><strong>Familiengerechte Innenaufteilung<\/strong><\/h2>\n\n\n\n<p><a href=\"https:\/\/wascovilla.pl\/de\/hauser\/perle\/\"><strong>Fachwerkhaus<\/strong> <strong>Perle<\/strong><\/a><strong> <\/strong>verf\u00fcgt \u00fcber drei ger\u00e4umige Schlafzimmer, die Komfort und Privatsph\u00e4re f\u00fcr jedes Familienmitglied bieten. Zwei davon haben bodentiefe Fenster, die nicht nur viel Tageslicht hereinlassen, sondern den Raum auch optisch vergr\u00f6\u00dfern. Das dritte Schlafzimmer hat ein klassisches Fenster, das dem Raum Flexibilit\u00e4t verleiht.<\/p>\n\n\n\n<p>Der Wohnbereich des Hauses Perla ist das Herzst\u00fcck des Geb\u00e4udes - der <strong>ger\u00e4umiges Wohnzimmer<\/strong> verbunden mit dem Esszimmer und der K\u00fcche. Dank der gro\u00dfen Verglasungen, einschlie\u00dflich der Schiebefenster zur Terrasse, ist der Innenraum immer hell und voller nat\u00fcrlichem Licht. Die Fenster zum Boden vergr\u00f6\u00dfern den Raum nicht nur optisch, sondern \u00f6ffnen ihn auch zum umliegenden Garten. Das macht das Wohnzimmer zu einem idealen Ort f\u00fcr Familientreffen und Entspannung. <\/p>\n\n\n\n<h2 class=\"wp-block-heading\"><strong>Praktische K\u00fcche mit Aussicht<\/strong><\/h2>\n\n\n\n<p>Die U-f\u00f6rmige K\u00fcchenzeile wurde unter dem Gesichtspunkt der Benutzerfreundlichkeit und der maximalen Raumausnutzung konzipiert. Diese Anordnung erm\u00f6glicht eine ergonomische Positionierung von M\u00f6beln und Elektroger\u00e4ten und bietet einen <strong>viel Stauraum. In der K\u00fcche<\/strong> In H\u00f6he der Arbeitsplatte wurde ein Fenster eingeplant. So gibt es nicht nur viel nat\u00fcrliches Licht, sondern auch einen Blick nach drau\u00dfen w\u00e4hrend der Zubereitung der Mahlzeiten.<\/p>\n\n\n\n<h2 class=\"wp-block-heading\"><strong>Funktionelle L\u00f6sungen f\u00fcr das Familienhaus<\/strong><\/h2>\n\n\n\n<p>Beim Entwurf des Pearl House wurde auf L\u00f6sungen geachtet, die das t\u00e4gliche Leben erleichtern.<strong> Ger\u00e4umiges Badezimmer mit Fenster<\/strong> gibt Ihnen das Gef\u00fchl, in einem intimen Spa zu sein. Eine zus\u00e4tzliche Toilette erh\u00f6ht den Komfort des Hauses, insbesondere f\u00fcr eine gr\u00f6\u00dfere Familie. Der praktische Vorraum direkt hinter der Eingangst\u00fcr ist der perfekte Platz f\u00fcr einen ger\u00e4umigen Kleiderschrank, der es Ihnen erm\u00f6glicht, Ihren Platz zu organisieren. Vom Vorraum aus gelangt man sowohl zu den \u00fcbrigen R\u00e4umen des Hauses als auch zum Technikraum, der Platz f\u00fcr wichtige Ger\u00e4te wie eine Heizungsanlage oder andere notwendige Installationen bietet.<\/p>\n\n\n\n<h2 class=\"wp-block-heading\"><strong>Bauvarianten - das Pearl-Modulhaus<\/strong><\/h2>\n\n\n\n<p>W <strong>Wascovilla <\/strong>Wir bieten das Pearl-Modulhaus in drei Varianten an, um den Bed\u00fcrfnissen der verschiedenen Investoren gerecht zu werden:<\/p>\n\n\n\n<ul class=\"wp-block-list\">\n<li><strong>Gestaltung<\/strong> - Stiftung und <strong><a href=\"https:\/\/wascovilla.pl\/de\/\">Montage eines Modulhauses<\/a><\/strong> bleiben auf der Seite des Bauherrn. Bei dieser Variante liefern wir eine fertige Geb\u00e4udestruktur zur Selbstmontage.<\/li>\n\n\n\n<li><strong>Konstruktion + Montage<\/strong> - Das Fundament wird vom Bauherrn vorbereitet, w\u00e4hrend wir die Hausstruktur liefern und die Montage \u00fcbernehmen.<\/li>\n\n\n\n<li><strong>Fundament + Struktur + Montage<\/strong> - das Haus wird gebaut auf <strong>isolierte Bodenplatte<\/strong> von unseren Experten vorbereitet. Bei dieser Option bieten wir eine umfassende Konstruktion des Fundaments, der Struktur und der vollst\u00e4ndigen Installation des Geb\u00e4udes.<\/li>\n<\/ul>\n\n\n\n<h2 class=\"wp-block-heading\"><strong>The Pearl - ein modulares Haus f\u00fcr eine Familie inmitten der Natur<\/strong><\/h2>\n\n\n\n<p>Gro\u00dffl\u00e4chige Verglasungen, eine praktische, funktionale Innenaufteilung und ein auf den Komfort der Nutzer ausgerichteter Raum machen das <strong>modulares Haus<\/strong> Perle ist eine ausgezeichnete Wahl <strong>f\u00fcr die Familie<\/strong> 2+2: Durch das Angebot einer Vielzahl von Umsetzungsoptionen bieten wir den Anlegern Flexibilit\u00e4t und erm\u00f6glichen ihnen, die f\u00fcr sie am besten geeignete L\u00f6sung zu w\u00e4hlen - vom Eigenbau bis zur umfassenden Umsetzung.<\/p>\n\n\n\n<p>Investieren Sie in die Zukunft Ihrer Familie, indem Sie sich f\u00fcr eine <a href=\"https:\/\/wascovilla.pl\/de\/hauser\/perle\/\">Perlenhaus<\/a> - Ein modernes, energieeffizientes und lichtdurchflutetes Modulhaus, das Ihre Erwartungen erf\u00fcllt!<\/p>\n\n\n\n<p><\/p>","protected":false},"excerpt":{"rendered":"<p>Das Modulhaus Per\u0142a ist ein funktionales und modernes Geb\u00e4ude, das auf die Bed\u00fcrfnisse einer 2+2-Familie zugeschnitten ist. Dieses einst\u00f6ckige Haus mit schr\u00e4gem Satteldach verbindet harmonisch \u00c4sthetik mit praktischen L\u00f6sungen und sorgt f\u00fcr Komfort im Alltag. Dank der Raumaufteilung und der durchdachten L\u00f6sungen kann man sagen, dass Per\u0142a ein idealer Vorschlag ist. Vor allem f\u00fcr diejenigen, die auf der Suche nach energieeffizienten, komfortablen und hellen Innenr\u00e4umen sind. [...]<\/p>","protected":false},"author":5,"featured_media":3295,"comment_status":"closed","ping_status":"closed","sticky":false,"template":"","format":"standard","meta":{"_acf_changed":false,"footnotes":""},"categories":[42],"tags":[72,66,70],"class_list":["post-3294","post","type-post","status-publish","format-standard","has-post-thumbnail","hentry","category-blog","tag-dom-dla-rodziny","tag-dom-modulowy","tag-dom-rodzinny"],"acf":[],"yoast_head":"<!-- This site is optimized with the Yoast SEO plugin v26.7 - https:\/\/yoast.com\/wordpress\/plugins\/seo\/ -->\n<title>Dom modu\u0142owy Per\u0142a \u2013 ponadczasowe rozwi\u0105zanie dla rodziny - WascoVilla | Producent dom\u00f3w z drewna | Domy mieszkalne, nowoczesne, modu\u0142owe, domki letniskowe, wi\u0105zary dachowe, izolacje<\/title>\n<meta name=\"description\" content=\"Zainwestuj w przysz\u0142o\u015b\u0107 swojej rodziny, wybieraj\u0105c dom modu\u0142owy Per\u0142a \u2013 nowoczesny, energooszcz\u0119dny i pe\u0142en \u015bwiat\u0142a. Sprawd\u017a go!\" \/>\n<meta name=\"robots\" content=\"index, follow, max-snippet:-1, max-image-preview:large, max-video-preview:-1\" \/>\n<link rel=\"canonical\" href=\"https:\/\/wascovilla.pl\/de\/pearl-modulhaus-eine-zeitlose-losung-fur-eine-22-kopfige-familie\/\" \/>\n<meta property=\"og:locale\" content=\"de_DE\" \/>\n<meta property=\"og:type\" content=\"article\" \/>\n<meta property=\"og:title\" content=\"Dom modu\u0142owy Per\u0142a \u2013 ponadczasowe rozwi\u0105zanie dla rodziny - WascoVilla | Producent dom\u00f3w z drewna | Domy mieszkalne, nowoczesne, modu\u0142owe, domki letniskowe, wi\u0105zary dachowe, izolacje\" \/>\n<meta property=\"og:description\" content=\"Zainwestuj w przysz\u0142o\u015b\u0107 swojej rodziny, wybieraj\u0105c dom modu\u0142owy Per\u0142a \u2013 nowoczesny, energooszcz\u0119dny i pe\u0142en \u015bwiat\u0142a. Sprawd\u017a go!\" \/>\n<meta property=\"og:url\" content=\"https:\/\/wascovilla.pl\/de\/pearl-modulhaus-eine-zeitlose-losung-fur-eine-22-kopfige-familie\/\" \/>\n<meta property=\"og:site_name\" content=\"WascoVilla | Producent dom\u00f3w z drewna | Domy mieszkalne, nowoczesne, modu\u0142owe, domki letniskowe, wi\u0105zary dachowe, izolacje\" \/>\n<meta property=\"article:published_time\" content=\"2024-10-22T11:28:12+00:00\" \/>\n<meta property=\"article:modified_time\" content=\"2024-10-22T11:28:13+00:00\" \/>\n<meta property=\"og:image\" content=\"https:\/\/wascovilla.pl\/wp-content\/uploads\/2024\/10\/dom-modulowy-perla.jpg\" \/>\n\t<meta property=\"og:image:width\" content=\"1280\" \/>\n\t<meta property=\"og:image:height\" content=\"720\" \/>\n\t<meta property=\"og:image:type\" content=\"image\/jpeg\" \/>\n<meta name=\"author\" content=\"Redaktor Portalu\" \/>\n<meta name=\"twitter:card\" content=\"summary_large_image\" \/>\n<meta name=\"twitter:label1\" content=\"Verfasst von\" \/>\n\t<meta name=\"twitter:data1\" content=\"Redaktor Portalu\" \/>\n\t<meta name=\"twitter:label2\" content=\"Gesch\u00e4tzte Lesezeit\" \/>\n\t<meta name=\"twitter:data2\" content=\"4\u00a0Minuten\" \/>\n<script type=\"application\/ld+json\" class=\"yoast-schema-graph\">{\"@context\":\"https:\/\/schema.org\",\"@graph\":[{\"@type\":\"Article\",\"@id\":\"https:\/\/wascovilla.pl\/dom-modulowy-perla-ponadczasowe-rozwiazanie-dla-rodziny-22\/#article\",\"isPartOf\":{\"@id\":\"https:\/\/wascovilla.pl\/dom-modulowy-perla-ponadczasowe-rozwiazanie-dla-rodziny-22\/\"},\"author\":{\"name\":\"Redaktor Portalu\",\"@id\":\"https:\/\/wascovilla.pl\/#\/schema\/person\/b869498cc6b323877b44ba75485eb88d\"},\"headline\":\"Dom modu\u0142owy Per\u0142a \u2013 ponadczasowe rozwi\u0105zanie dla rodziny 2+2\",\"datePublished\":\"2024-10-22T11:28:12+00:00\",\"dateModified\":\"2024-10-22T11:28:13+00:00\",\"mainEntityOfPage\":{\"@id\":\"https:\/\/wascovilla.pl\/dom-modulowy-perla-ponadczasowe-rozwiazanie-dla-rodziny-22\/\"},\"wordCount\":606,\"publisher\":{\"@id\":\"https:\/\/wascovilla.pl\/#organization\"},\"image\":{\"@id\":\"https:\/\/wascovilla.pl\/dom-modulowy-perla-ponadczasowe-rozwiazanie-dla-rodziny-22\/#primaryimage\"},\"thumbnailUrl\":\"https:\/\/wascovilla.pl\/wp-content\/uploads\/2024\/10\/dom-modulowy-perla.jpg\",\"keywords\":[\"dom dla rodziny\",\"dom modu\u0142owy\",\"dom rodzinny\"],\"articleSection\":[\"blog\"],\"inLanguage\":\"de\"},{\"@type\":\"WebPage\",\"@id\":\"https:\/\/wascovilla.pl\/dom-modulowy-perla-ponadczasowe-rozwiazanie-dla-rodziny-22\/\",\"url\":\"https:\/\/wascovilla.pl\/dom-modulowy-perla-ponadczasowe-rozwiazanie-dla-rodziny-22\/\",\"name\":\"Dom modu\u0142owy Per\u0142a \u2013 ponadczasowe rozwi\u0105zanie dla rodziny - WascoVilla | Producent dom\u00f3w z drewna | Domy mieszkalne, nowoczesne, modu\u0142owe, domki letniskowe, wi\u0105zary dachowe, izolacje\",\"isPartOf\":{\"@id\":\"https:\/\/wascovilla.pl\/#website\"},\"primaryImageOfPage\":{\"@id\":\"https:\/\/wascovilla.pl\/dom-modulowy-perla-ponadczasowe-rozwiazanie-dla-rodziny-22\/#primaryimage\"},\"image\":{\"@id\":\"https:\/\/wascovilla.pl\/dom-modulowy-perla-ponadczasowe-rozwiazanie-dla-rodziny-22\/#primaryimage\"},\"thumbnailUrl\":\"https:\/\/wascovilla.pl\/wp-content\/uploads\/2024\/10\/dom-modulowy-perla.jpg\",\"datePublished\":\"2024-10-22T11:28:12+00:00\",\"dateModified\":\"2024-10-22T11:28:13+00:00\",\"description\":\"Zainwestuj w przysz\u0142o\u015b\u0107 swojej rodziny, wybieraj\u0105c dom modu\u0142owy Per\u0142a \u2013 nowoczesny, energooszcz\u0119dny i pe\u0142en \u015bwiat\u0142a. Sprawd\u017a go!\",\"breadcrumb\":{\"@id\":\"https:\/\/wascovilla.pl\/dom-modulowy-perla-ponadczasowe-rozwiazanie-dla-rodziny-22\/#breadcrumb\"},\"inLanguage\":\"de\",\"potentialAction\":[{\"@type\":\"ReadAction\",\"target\":[\"https:\/\/wascovilla.pl\/dom-modulowy-perla-ponadczasowe-rozwiazanie-dla-rodziny-22\/\"]}]},{\"@type\":\"ImageObject\",\"inLanguage\":\"de\",\"@id\":\"https:\/\/wascovilla.pl\/dom-modulowy-perla-ponadczasowe-rozwiazanie-dla-rodziny-22\/#primaryimage\",\"url\":\"https:\/\/wascovilla.pl\/wp-content\/uploads\/2024\/10\/dom-modulowy-perla.jpg\",\"contentUrl\":\"https:\/\/wascovilla.pl\/wp-content\/uploads\/2024\/10\/dom-modulowy-perla.jpg\",\"width\":1280,\"height\":720,\"caption\":\"dom modu\u0142owy\"},{\"@type\":\"BreadcrumbList\",\"@id\":\"https:\/\/wascovilla.pl\/dom-modulowy-perla-ponadczasowe-rozwiazanie-dla-rodziny-22\/#breadcrumb\",\"itemListElement\":[{\"@type\":\"ListItem\",\"position\":1,\"name\":\"Strona g\u0142\u00f3wna\",\"item\":\"https:\/\/wascovilla.pl\/\"},{\"@type\":\"ListItem\",\"position\":2,\"name\":\"Dom modu\u0142owy Per\u0142a \u2013 ponadczasowe rozwi\u0105zanie dla rodziny 2+2\"}]},{\"@type\":\"WebSite\",\"@id\":\"https:\/\/wascovilla.pl\/#website\",\"url\":\"https:\/\/wascovilla.pl\/\",\"name\":\"WascoVilla | Producent dom\u00f3w z drewna | Domy mieszkalne, nowoczesne, modu\u0142owe, domki letniskowe, wi\u0105zary dachowe, izolacje\",\"description\":\"\",\"publisher\":{\"@id\":\"https:\/\/wascovilla.pl\/#organization\"},\"potentialAction\":[{\"@type\":\"SearchAction\",\"target\":{\"@type\":\"EntryPoint\",\"urlTemplate\":\"https:\/\/wascovilla.pl\/?s={search_term_string}\"},\"query-input\":{\"@type\":\"PropertyValueSpecification\",\"valueRequired\":true,\"valueName\":\"search_term_string\"}}],\"inLanguage\":\"de\"},{\"@type\":\"Organization\",\"@id\":\"https:\/\/wascovilla.pl\/#organization\",\"name\":\"WascoVilla | Producent dom\u00f3w z drewna | Domy mieszkalne, nowoczesne, modu\u0142owe, domki letniskowe, wi\u0105zary dachowe, izolacje\",\"url\":\"https:\/\/wascovilla.pl\/\",\"logo\":{\"@type\":\"ImageObject\",\"inLanguage\":\"de\",\"@id\":\"https:\/\/wascovilla.pl\/#\/schema\/logo\/image\/\",\"url\":\"https:\/\/wascovilla.pl\/wp-content\/uploads\/2024\/06\/logo.jpg\",\"contentUrl\":\"https:\/\/wascovilla.pl\/wp-content\/uploads\/2024\/06\/logo.jpg\",\"width\":282,\"height\":119,\"caption\":\"WascoVilla | Producent dom\u00f3w z drewna | Domy mieszkalne, nowoczesne, modu\u0142owe, domki letniskowe, wi\u0105zary dachowe, izolacje\"},\"image\":{\"@id\":\"https:\/\/wascovilla.pl\/#\/schema\/logo\/image\/\"}},{\"@type\":\"Person\",\"@id\":\"https:\/\/wascovilla.pl\/#\/schema\/person\/b869498cc6b323877b44ba75485eb88d\",\"name\":\"Redaktor Portalu\",\"image\":{\"@type\":\"ImageObject\",\"inLanguage\":\"de\",\"@id\":\"https:\/\/wascovilla.pl\/#\/schema\/person\/image\/\",\"url\":\"https:\/\/secure.gravatar.com\/avatar\/77d09e67d41fe0e53135246444a453ea4057bb207ca08dd279e107c4329b143d?s=96&d=mm&r=g\",\"contentUrl\":\"https:\/\/secure.gravatar.com\/avatar\/77d09e67d41fe0e53135246444a453ea4057bb207ca08dd279e107c4329b143d?s=96&d=mm&r=g\",\"caption\":\"Redaktor Portalu\"},\"url\":\"https:\/\/wascovilla.pl\/de\/author\/dominika\/\"}]}<\/script>\n<!-- \/ Yoast SEO plugin. -->","yoast_head_json":{"title":"Modulhaus Pearl - eine zeitlose L\u00f6sung f\u00fcr die Familie - WascoVilla | Hersteller von Holzh\u00e4usern | Wohnh\u00e4user, modern, modular, Bungalows, Dachst\u00fchle, Isolierung","description":"Investieren Sie in die Zukunft Ihrer Familie und entscheiden Sie sich f\u00fcr das Pearl-Modulhaus - modern, energieeffizient und lichtdurchflutet. Sehen Sie es sich an!","robots":{"index":"index","follow":"follow","max-snippet":"max-snippet:-1","max-image-preview":"max-image-preview:large","max-video-preview":"max-video-preview:-1"},"canonical":"https:\/\/wascovilla.pl\/de\/pearl-modulhaus-eine-zeitlose-losung-fur-eine-22-kopfige-familie\/","og_locale":"de_DE","og_type":"article","og_title":"Dom modu\u0142owy Per\u0142a \u2013 ponadczasowe rozwi\u0105zanie dla rodziny - WascoVilla | Producent dom\u00f3w z drewna | Domy mieszkalne, nowoczesne, modu\u0142owe, domki letniskowe, wi\u0105zary dachowe, izolacje","og_description":"Zainwestuj w przysz\u0142o\u015b\u0107 swojej rodziny, wybieraj\u0105c dom modu\u0142owy Per\u0142a \u2013 nowoczesny, energooszcz\u0119dny i pe\u0142en \u015bwiat\u0142a. Sprawd\u017a go!","og_url":"https:\/\/wascovilla.pl\/de\/pearl-modulhaus-eine-zeitlose-losung-fur-eine-22-kopfige-familie\/","og_site_name":"WascoVilla | Producent dom\u00f3w z drewna | Domy mieszkalne, nowoczesne, modu\u0142owe, domki letniskowe, wi\u0105zary dachowe, izolacje","article_published_time":"2024-10-22T11:28:12+00:00","article_modified_time":"2024-10-22T11:28:13+00:00","og_image":[{"width":1280,"height":720,"url":"https:\/\/wascovilla.pl\/wp-content\/uploads\/2024\/10\/dom-modulowy-perla.jpg","type":"image\/jpeg"}],"author":"Redaktor Portalu","twitter_card":"summary_large_image","twitter_misc":{"Verfasst von":"Redaktor Portalu","Gesch\u00e4tzte Lesezeit":"4\u00a0Minuten"},"schema":{"@context":"https:\/\/schema.org","@graph":[{"@type":"Article","@id":"https:\/\/wascovilla.pl\/dom-modulowy-perla-ponadczasowe-rozwiazanie-dla-rodziny-22\/#article","isPartOf":{"@id":"https:\/\/wascovilla.pl\/dom-modulowy-perla-ponadczasowe-rozwiazanie-dla-rodziny-22\/"},"author":{"name":"Redaktor Portalu","@id":"https:\/\/wascovilla.pl\/#\/schema\/person\/b869498cc6b323877b44ba75485eb88d"},"headline":"Dom modu\u0142owy Per\u0142a \u2013 ponadczasowe rozwi\u0105zanie dla rodziny 2+2","datePublished":"2024-10-22T11:28:12+00:00","dateModified":"2024-10-22T11:28:13+00:00","mainEntityOfPage":{"@id":"https:\/\/wascovilla.pl\/dom-modulowy-perla-ponadczasowe-rozwiazanie-dla-rodziny-22\/"},"wordCount":606,"publisher":{"@id":"https:\/\/wascovilla.pl\/#organization"},"image":{"@id":"https:\/\/wascovilla.pl\/dom-modulowy-perla-ponadczasowe-rozwiazanie-dla-rodziny-22\/#primaryimage"},"thumbnailUrl":"https:\/\/wascovilla.pl\/wp-content\/uploads\/2024\/10\/dom-modulowy-perla.jpg","keywords":["dom dla rodziny","dom modu\u0142owy","dom rodzinny"],"articleSection":["blog"],"inLanguage":"de"},{"@type":"WebPage","@id":"https:\/\/wascovilla.pl\/dom-modulowy-perla-ponadczasowe-rozwiazanie-dla-rodziny-22\/","url":"https:\/\/wascovilla.pl\/dom-modulowy-perla-ponadczasowe-rozwiazanie-dla-rodziny-22\/","name":"Modulhaus Pearl - eine zeitlose L\u00f6sung f\u00fcr die Familie - WascoVilla | Hersteller von Holzh\u00e4usern | Wohnh\u00e4user, modern, modular, Bungalows, Dachst\u00fchle, Isolierung","isPartOf":{"@id":"https:\/\/wascovilla.pl\/#website"},"primaryImageOfPage":{"@id":"https:\/\/wascovilla.pl\/dom-modulowy-perla-ponadczasowe-rozwiazanie-dla-rodziny-22\/#primaryimage"},"image":{"@id":"https:\/\/wascovilla.pl\/dom-modulowy-perla-ponadczasowe-rozwiazanie-dla-rodziny-22\/#primaryimage"},"thumbnailUrl":"https:\/\/wascovilla.pl\/wp-content\/uploads\/2024\/10\/dom-modulowy-perla.jpg","datePublished":"2024-10-22T11:28:12+00:00","dateModified":"2024-10-22T11:28:13+00:00","description":"Investieren Sie in die Zukunft Ihrer Familie und entscheiden Sie sich f\u00fcr das Pearl-Modulhaus - modern, energieeffizient und lichtdurchflutet. Sehen Sie es sich an!","breadcrumb":{"@id":"https:\/\/wascovilla.pl\/dom-modulowy-perla-ponadczasowe-rozwiazanie-dla-rodziny-22\/#breadcrumb"},"inLanguage":"de","potentialAction":[{"@type":"ReadAction","target":["https:\/\/wascovilla.pl\/dom-modulowy-perla-ponadczasowe-rozwiazanie-dla-rodziny-22\/"]}]},{"@type":"ImageObject","inLanguage":"de","@id":"https:\/\/wascovilla.pl\/dom-modulowy-perla-ponadczasowe-rozwiazanie-dla-rodziny-22\/#primaryimage","url":"https:\/\/wascovilla.pl\/wp-content\/uploads\/2024\/10\/dom-modulowy-perla.jpg","contentUrl":"https:\/\/wascovilla.pl\/wp-content\/uploads\/2024\/10\/dom-modulowy-perla.jpg","width":1280,"height":720,"caption":"dom modu\u0142owy"},{"@type":"BreadcrumbList","@id":"https:\/\/wascovilla.pl\/dom-modulowy-perla-ponadczasowe-rozwiazanie-dla-rodziny-22\/#breadcrumb","itemListElement":[{"@type":"ListItem","position":1,"name":"Strona g\u0142\u00f3wna","item":"https:\/\/wascovilla.pl\/"},{"@type":"ListItem","position":2,"name":"Dom modu\u0142owy Per\u0142a \u2013 ponadczasowe rozwi\u0105zanie dla rodziny 2+2"}]},{"@type":"WebSite","@id":"https:\/\/wascovilla.pl\/#website","url":"https:\/\/wascovilla.pl\/","name":"WascoVilla | Hersteller von Holzh\u00e4usern | Wohnh\u00e4user, moderne, modulare, Ferienh\u00e4user, Dachst\u00fchle, Isolierung","description":"","publisher":{"@id":"https:\/\/wascovilla.pl\/#organization"},"potentialAction":[{"@type":"SearchAction","target":{"@type":"EntryPoint","urlTemplate":"https:\/\/wascovilla.pl\/?s={search_term_string}"},"query-input":{"@type":"PropertyValueSpecification","valueRequired":true,"valueName":"search_term_string"}}],"inLanguage":"de"},{"@type":"Organization","@id":"https:\/\/wascovilla.pl\/#organization","name":"WascoVilla | Hersteller von Holzh\u00e4usern | Wohnh\u00e4user, moderne, modulare, Ferienh\u00e4user, Dachst\u00fchle, Isolierung","url":"https:\/\/wascovilla.pl\/","logo":{"@type":"ImageObject","inLanguage":"de","@id":"https:\/\/wascovilla.pl\/#\/schema\/logo\/image\/","url":"https:\/\/wascovilla.pl\/wp-content\/uploads\/2024\/06\/logo.jpg","contentUrl":"https:\/\/wascovilla.pl\/wp-content\/uploads\/2024\/06\/logo.jpg","width":282,"height":119,"caption":"WascoVilla | Producent dom\u00f3w z drewna | Domy mieszkalne, nowoczesne, modu\u0142owe, domki letniskowe, wi\u0105zary dachowe, izolacje"},"image":{"@id":"https:\/\/wascovilla.pl\/#\/schema\/logo\/image\/"}},{"@type":"Person","@id":"https:\/\/wascovilla.pl\/#\/schema\/person\/b869498cc6b323877b44ba75485eb88d","name":"Portal-Editor","image":{"@type":"ImageObject","inLanguage":"de","@id":"https:\/\/wascovilla.pl\/#\/schema\/person\/image\/","url":"https:\/\/secure.gravatar.com\/avatar\/77d09e67d41fe0e53135246444a453ea4057bb207ca08dd279e107c4329b143d?s=96&d=mm&r=g","contentUrl":"https:\/\/secure.gravatar.com\/avatar\/77d09e67d41fe0e53135246444a453ea4057bb207ca08dd279e107c4329b143d?s=96&d=mm&r=g","caption":"Redaktor Portalu"},"url":"https:\/\/wascovilla.pl\/de\/author\/dominika\/"}]}},"_links":{"self":[{"href":"https:\/\/wascovilla.pl\/de\/wp-json\/wp\/v2\/posts\/3294","targetHints":{"allow":["GET"]}}],"collection":[{"href":"https:\/\/wascovilla.pl\/de\/wp-json\/wp\/v2\/posts"}],"about":[{"href":"https:\/\/wascovilla.pl\/de\/wp-json\/wp\/v2\/types\/post"}],"author":[{"embeddable":true,"href":"https:\/\/wascovilla.pl\/de\/wp-json\/wp\/v2\/users\/5"}],"replies":[{"embeddable":true,"href":"https:\/\/wascovilla.pl\/de\/wp-json\/wp\/v2\/comments?post=3294"}],"version-history":[{"count":1,"href":"https:\/\/wascovilla.pl\/de\/wp-json\/wp\/v2\/posts\/3294\/revisions"}],"predecessor-version":[{"id":3296,"href":"https:\/\/wascovilla.pl\/de\/wp-json\/wp\/v2\/posts\/3294\/revisions\/3296"}],"wp:featuredmedia":[{"embeddable":true,"href":"https:\/\/wascovilla.pl\/de\/wp-json\/wp\/v2\/media\/3295"}],"wp:attachment":[{"href":"https:\/\/wascovilla.pl\/de\/wp-json\/wp\/v2\/media?parent=3294"}],"wp:term":[{"taxonomy":"category","embeddable":true,"href":"https:\/\/wascovilla.pl\/de\/wp-json\/wp\/v2\/categories?post=3294"},{"taxonomy":"post_tag","embeddable":true,"href":"https:\/\/wascovilla.pl\/de\/wp-json\/wp\/v2\/tags?post=3294"}],"curies":[{"name":"wp","href":"https:\/\/api.w.org\/{rel}","templated":true}]}}